{"id":884,"date":"2010-05-26T09:28:16","date_gmt":"2010-05-26T07:28:16","guid":{"rendered":"http:\/\/www.buscounviaje.com\/blog\/?p=884"},"modified":"2019-08-20T04:09:17","modified_gmt":"2019-08-20T02:09:17","slug":"festival-pirineos-sur","status":"publish","type":"post","link":"https:\/\/www.buscounviaje.com\/blog\/emociones-viajeras\/festival-pirineos-sur\/","title":{"rendered":"M\u00fasica y diversi\u00f3n en el Festival Pirineos Sur"},"content":{"rendered":"\n<p><strong>Pirineos Sur<\/strong> es un festival que tiene lugar cada verano en los pueblos de Lanuza y Sallent de G\u00e1llego, en el <a href=\"https:\/\/www.buscounviaje.com\/circuitos\/pirineos\">pirineo aragon\u00e9s<\/a>. A diferencia de otros festivales que se concentran en 3-4 d\u00edas, Pirineos Sur <strong>se celebra durante dos semanas<\/strong> de julio, las cuales est\u00e1n plagadas de conciertos, espect\u00e1culos, conferencias y miradas a otros mundos. Como reza su propia descripci\u00f3n: &#8220;<em>Pirineos Sur es un festival especializado en las llamadas m\u00fasicas del mundo o populares<\/em>. Este concepto se traslada a una programaci\u00f3n tem\u00e1tica que var\u00eda cada a\u00f1o; as\u00ed, el 2008 estuvo dedicado al <em>\u00c1frica Urbis<\/em>, y el a\u00f1o siguiente, 2009, al <em>Atl\u00e1ntico Negro<\/em>.&#8221;<\/p>\n\n\n\n<h2 class=\"wp-block-heading\">\u00bfC\u00f3mo es la m\u00fasica en el Festival Pirineos Sur?<\/h2>\n\n\n\n<div class=\"wp-block-image\"><figure class=\"aligncenter\"><a href=\"http:\/\/www.buscounviaje.com\/blog\/wp-content\/uploads\/2010\/05\/cartel_pirineos_sur_2010.jpg\"><img decoding=\"async\" src=\"http:\/\/www.buscounviaje.com\/blog\/wp-content\/uploads\/2010\/05\/cartel_pirineos_sur_2010-302x440.jpg\" alt=\"Cartel Pirineos Sur 2010\" class=\"wp-image-889\"\/><\/a><figcaption>P\u00f3ster de la edici\u00f3n de 2010 del Festival Pirineos Sur<\/figcaption><\/figure><\/div>\n\n\n\n<p><br><strong>La m\u00fasica<\/strong> en el festival es muy variada, siempre con toques de etnicismo pero a la vez vanguardistas, movi\u00e9ndose desde la m\u00fasica de cantautor hasta el reggaeton o el reggae, sin olvidar el pop-rock m\u00e1s popular. En 2010, Pirineos Sur conmemor\u00f3 el bicentenario de la independencia de las colonias de Am\u00e9rica Latina, con una cartelera de grupos que de m\u00fasica popular de los pa\u00edses latinos. Esta concepci\u00f3n tem\u00e1tica acerc\u00f3 al pirineo ritmos casi desconocidos en <a href=\"https:\/\/www.buscounviaje.com\/viajes\/espana-es\">Espa\u00f1a<\/a>, sin dejar afuera a artistas de fama internacional como Molotov o Fito P\u00e1ez, u otros en auge como Calle 13 o Aterciopelados (rock fusi\u00f3n). Por supuesto, despu\u00e9s de los conciertos hay carpas con DJs animando la fiesta hasta altas horas de la madrugada.<br><\/p>\n\n\n\n<h3 class=\"wp-block-heading\">Otras actividades en el Festival Pirineos Sur<\/h3>\n\n\n\n<p>Como todo festival que se precie, <strong>Pirineos Sur cuenta con <a href=\"https:\/\/www.pirineos-sur.es\/experiencias-escenico-musicales-naturaleza\/\" target=\"_blank\" rel=\"nofollow\">experiencias esc\u00e9nico-musicales<\/a><\/strong> con las que podemos disfrutar el resto del d\u00eda. Se presentan n\u00fameros de lo m\u00e1s variados en cada edici\u00f3n. As\u00ed, han circulado malabaristas y equilibristas callejeros, talleres de caj\u00f3n flamenco o de Mambo, cuentacuentos que traen las leyendas que envuelven los<strong><a href=\"https:\/\/www.buscounviaje.com\/viajes\/mexico-mx\"> viajes a&nbsp;M\u00e9xico<\/a><\/strong> o los <a href=\"https:\/\/www.buscounviaje.com\/viajes\/venezuela-ve\">viajes a Venezuela<\/a>, pasacalles para animar a los paseantes, conciertos para toda la familia, un taller solidario organizado por Interm\u00f3n Oxfam&#8230; <strong>\u00a1hasta un espect\u00e1culo de lucha libre mexicana!<\/strong>. Los responsables del festival se han esforzado para que disfrutemos al m\u00e1ximo nuestra estancia.<br>La mayor\u00eda de estas actividades tienen lugar fuera del recinto del festival, por lo que <strong>podremos disfrutarlas gratuitamente<\/strong> sin necesidad de entrada. A todo esto hay que sumar los <strong>puestos callejeros con gastronom\u00eda local<\/strong> y for\u00e1nea, mercadillos artesanales y, sobre todo, el ambiente entre los asistentes y la animaci\u00f3n del pueblo, totalmente volcado con el festival.<\/p>\n\n\n\n<p>Y es que Pirineos Sur no es s\u00f3lo el festival: <strong>el entorno en s\u00ed mismo es impactante<\/strong>.<\/p>\n\n\n\n<div class=\"wp-block-image\"><figure class=\"aligncenter\"><a href=\"http:\/\/www.buscounviaje.com\/blog\/wp-content\/uploads\/2010\/05\/800px-Pe\u00f1a_Foratata_y_Sall\u00e9n_de_Galligo.jpg\"><img decoding=\"async\" src=\"http:\/\/www.buscounviaje.com\/blog\/wp-content\/uploads\/2010\/05\/800px-Pe\u00f1a_Foratata_y_Sall\u00e9n_de_Galligo-440x330.jpg\" alt=\"Sallent de G\u00e1llego\" class=\"wp-image-895\"\/><\/a><figcaption>Sallent de G\u00e1llego &#8211; Willtron &#8211; Wikimedia Commons<\/figcaption><\/figure><\/div>\n\n\n\n<p><br>Sallent de G\u00e1llego se encuentra en el Valle de Tena, a muy pocos kil\u00f3metros de las pistas de esqu\u00ed de Formigal o Panticosa, y es el pueblo m\u00e1s cercano al festival, apenas 3 Km. En cuanto al recinto donde se celebra, seguro que no deja a nadie indiferente: el <strong>pueblo semi-sumergido<\/strong> y rehabilitado de Lanuza.<\/p>\n\n\n\n<div class=\"wp-block-image\"><figure class=\"aligncenter\"><a href=\"http:\/\/www.buscounviaje.com\/blog\/wp-content\/uploads\/2010\/05\/Lanuza_Sall\u00e9n_de_Galligo_Uesca.jpg\"><img decoding=\"async\" src=\"http:\/\/www.buscounviaje.com\/blog\/wp-content\/uploads\/2010\/05\/Lanuza_Sall\u00e9n_de_Galligo_Uesca-440x330.jpg\" alt=\"Lanuza\" class=\"wp-image-906\"\/><\/a><figcaption>Lanuza &#8211; Willtron &#8211; Wikimedia Commons<\/figcaption><\/figure><\/div>\n\n\n\n<p><br>Este pueblo parcialmente sumergido fue abandonado en los a\u00f1os 70 debido a la construcci\u00f3n del embalse de Lanuza. Tras d\u00e9cadas de abandono los habitantes recuperaron sus propiedades en los 90, y desde entonces llevan a cabo un proceso de rehabilitaci\u00f3n con magn\u00edfico resultado. Para completar la estampa, <strong>los conciertos se celebran en un escenario flotante<\/strong> que les aporta un toque muy especial.<\/p>\n\n\n\n<p><br><strong>Para llegar hasta ah\u00ed<\/strong> la mejor ruta es la A-23, que pasa por Zaragoza, Huesca y termina poco despu\u00e9s, y desde ah\u00ed seguir la N-260 hacia Sabi\u00f1\u00e1nigo. Una vez pasado este hay que tomar el desv\u00edo direcci\u00f3n Biescas, tambi\u00e9n por la N-260. Google Maps nos puede echar una mano. <strong>El aeropuerto m\u00e1s cercano a Pirineos Sur<\/strong> es el de Zaragoza, a menos de 2 horas en coche.<\/p>\n\n\n\n<iframe loading=\"lazy\" src=\"https:\/\/www.google.com\/maps\/embed?pb=!1m16!1m10!1m3!1d374594.8473132002!2d-0.296631!3d42.819581!2m1!3f0!3m2!1i1024!2i768!4f13.1!3m3!1m2!1s0xd5793711c2192cf%3A0x1ad4849a19f2f74f!2s22640+Sallent+de+G%C3%A1llego%2C+Huesca%2C+Espa%C3%B1a!5e0!3m2!1ses!2sar!4v1566266644501!5m2!1ses!2sar\" style=\"border:0\" allowfullscreen=\"\" width=\"600\" height=\"450\" frameborder=\"0\"><\/iframe>\n\n\n\n<p><br><strong>En cuanto al alojamiento<\/strong>, si optamos por hotel podemos alojarnos en Sallent -al fin y al cabo es un pueblo de esqu\u00ed-. Otras localidades como Formigal, Panticosa o El Pueyo de Jaca se encuentran pr\u00f3ximas, pero necesitaremos usar el coche para desplazarnos. <strong>La ocupaci\u00f3n es alta<\/strong>, sobre todo los fines de semana, por lo que recomendamos decidir con tiempo.<\/p>\n\n\n\n<h2 class=\"wp-block-heading\">D\u00f3nde acampar en el Festival Pirineos Sur<\/h2>\n\n\n\n<p><br><strong>Acampar en Pirineos Sur<\/strong> es dif\u00edcil, de hecho es el punto d\u00e9bil del festival. La web oficial del festival advierte: &#8220;<em>Queda terminantemente prohibida la acampada libre en el municipio de Sallent de G\u00e1llego y colindantes. No se puede acampar en las inmediaciones del festival<\/em>&#8220;.<\/p>\n\n\n\n<p>Por esto, cerca del festival no hay ninguna zona habilitada, si bien es cierto que todos los a\u00f1os se montan campamentos improvisados, pero qued\u00e1is advertidos: no hay servicios ni agua corriente. En cualquier caso, el ayuntamiento suele hacer la vista gorda y no hay problemas para acampar por libre entre semana, pero los fines de semana aumenta la masificaci\u00f3n y con ella las complicaciones. Una caravana o furgoneta bien equipada ser\u00e1 la opci\u00f3n perfecta, de hecho el camino entre Sallent y Lanuza es una fila continua de estas.<\/p>\n\n\n\n<h2 class=\"wp-block-heading\">El clima para el Festival Pirineos Sur<\/h2>\n\n\n\n<p><br><strong>El clima en Pirineos Sur<\/strong> es el propio de una monta\u00f1a en verano: hace bueno hasta que viene la tormenta. M\u00e1s de un cantante ha tenido que acelerar para acabar antes de que llegara el aguacero, y cada a\u00f1o se suspende alg\u00fan concierto. En cuanto a la temperatura, por las noches puede llegar a hacer bastante fr\u00edo: seg\u00fan que d\u00edas no despreciaremos un buen abrigo.<br><strong>Los precios del festival no son caros<\/strong> si tenemos en cuenta su duraci\u00f3n y oferta. El resto del presupuesto depender\u00e1 de lo que queramos gastar en comida, ocio o compras varias. Sallent cuenta con varios sipermercados donde abastecernos, pero <strong>es dif\u00edcil resistirse al ternasco aragon\u00e9s<\/strong> o a un buen mojito&#8230; y en ese caso preparad la cartera.<br>Dejando a un lado descripciones y datos, <strong>Pirineos Sur es un festival \u00fanico<\/strong>, una excusa perfecta para pasar varios d\u00edas en el pirineo disfrutando de buena m\u00fasica, buen ambiente y mejor compa\u00f1\u00eda. As\u00ed que animaos, elegid fechas y preparaos para unos d\u00edas inolvidables. <strong>\u00a1Nos vemos en Pirineos Sur!<\/strong><\/p>\n\n\n\n<h3 class=\"wp-block-heading\">Enlaces \u00fatiles sobre Pirineos Sur<\/h3>\n\n\n\n<ul class=\"wp-block-list\"><li><strong>P\u00e1gina oficial del festival:<\/strong> <a href=\"https:\/\/www.pirineos-sur.es\/\" target=\"_blank\" rel=\"nofollow\">http:\/\/www.pirineos-sur.es\/inicio\/<\/a><\/li><li><strong>Programaci\u00f3n Pirineos Sur :<\/strong> <a href=\"https:\/\/www.pirineos-sur.es\/programacion\/\" target=\"_blank\" rel=\"nofollow\">http:\/\/www.pirineos-sur.es\/programacion\/<\/a><\/li><li><strong>Entradas y alojamiento:<\/strong> <a href=\"https:\/\/www.pirineos-sur.es\/entradas\/\" target=\"_blank\" rel=\"nofollow\">http:\/\/www.pirineos-sur.es\/entradas_alojamiento\/<\/a><\/li><li><strong>Aeropuerto de Zaragoza:<\/strong> <a href=\"http:\/\/www.aena.es\/es\/pasajeros\/pasajeros.html\" target=\"_blank\" rel=\"nofollow\">http:\/\/www.zaragoza-airport.com\/es\/index.php<\/a><\/li><li><strong>Campings cercanos:<\/strong> <a href=\"http:\/\/www.campingescarra.com\" target=\"_blank\" rel=\"nofollow\">http:\/\/www.campingescarra.com<\/a> \u00f3 <a href=\"https:\/\/www.campinggavin.com\/\" target=\"_blank\" rel=\"nofollow\">http:\/\/www.campinggavin.com<\/a><\/li><li><strong>M\u00e1s informaci\u00f3n pr\u00e1ctica:<\/strong> https:\/\/www.pirineos-sur.es\/informacion-practica\/<\/li><li><strong>Para descubrir otros destinos que combinan monta\u00f1a y espect\u00e1culos<\/strong>, puedes utilizar nuestro&nbsp;<a href=\"https:\/\/www.buscounviaje.com\/inspirador-de-viajes\"><strong>inspirador<\/strong><\/a><a href=\"https:\/\/www.buscounviaje.com\/inspirador-de-viajes\"><strong> de viajes<\/strong><\/a> basado en tus gustos y presupuesto.<\/li><\/ul>\n\n\n<!-- BUV_DESTINATION_BUTTON_START -->\n<div style=\"text-align: center; margin: 30px 0;\">\n    <a href=\"https:\/\/www.buscounviaje.com\/circuitos\/pirineos-es.fr.ad\" class=\"boton\">Ver nuestra recomendaci\u00f3n de viajes a Pirineos<\/a>\n<\/div>\n<!-- BUV_DESTINATION_BUTTON_END -->","protected":false},"excerpt":{"rendered":"<p>Pirineos Sur es un festival que tiene lugar cada verano en los pueblos de Lanuza y Sallent de G\u00e1llego, en el pirineo aragon\u00e9s. A diferencia de otros festivales que se concentran en 3-4 d\u00edas, Pirineos Sur se celebra durante dos semanas de julio, las cuales est\u00e1n plagadas de conciertos, espect\u00e1culos, conferencias y miradas a otros [&hellip;]<\/p>\n","protected":false},"author":6,"featured_media":10643,"comment_status":"open","ping_status":"open","sticky":false,"template":"","format":"standard","meta":{"om_disable_all_campaigns":false,"_monsterinsights_skip_tracking":false,"_monsterinsights_sitenote_active":false,"_monsterinsights_sitenote_note":"","_monsterinsights_sitenote_category":0,"footnotes":""},"categories":[13],"tags":[279,527,253],"class_list":{"0":"post-884","1":"post","2":"type-post","3":"status-publish","4":"format-standard","5":"has-post-thumbnail","7":"category-emociones-viajeras","8":"tag-festival","10":"tag-espana"},"aioseo_notices":[],"amp_enabled":true,"_links":{"self":[{"href":"https:\/\/www.buscounviaje.com\/blog\/wp-json\/wp\/v2\/posts\/884","targetHints":{"allow":["GET"]}}],"collection":[{"href":"https:\/\/www.buscounviaje.com\/blog\/wp-json\/wp\/v2\/posts"}],"about":[{"href":"https:\/\/www.buscounviaje.com\/blog\/wp-json\/wp\/v2\/types\/post"}],"author":[{"embeddable":true,"href":"https:\/\/www.buscounviaje.com\/blog\/wp-json\/wp\/v2\/users\/6"}],"replies":[{"embeddable":true,"href":"https:\/\/www.buscounviaje.com\/blog\/wp-json\/wp\/v2\/comments?post=884"}],"version-history":[{"count":6,"href":"https:\/\/www.buscounviaje.com\/blog\/wp-json\/wp\/v2\/posts\/884\/revisions"}],"predecessor-version":[{"id":10652,"href":"https:\/\/www.buscounviaje.com\/blog\/wp-json\/wp\/v2\/posts\/884\/revisions\/10652"}],"wp:featuredmedia":[{"embeddable":true,"href":"https:\/\/www.buscounviaje.com\/blog\/wp-json\/wp\/v2\/media\/10643"}],"wp:attachment":[{"href":"https:\/\/www.buscounviaje.com\/blog\/wp-json\/wp\/v2\/media?parent=884"}],"wp:term":[{"taxonomy":"category","embeddable":true,"href":"https:\/\/www.buscounviaje.com\/blog\/wp-json\/wp\/v2\/categories?post=884"},{"taxonomy":"post_tag","embeddable":true,"href":"https:\/\/www.buscounviaje.com\/blog\/wp-json\/wp\/v2\/tags?post=884"}],"curies":[{"name":"wp","href":"https:\/\/api.w.org\/{rel}","templated":true}]}}