{"id":4623,"date":"2013-07-03T18:16:07","date_gmt":"2013-07-03T16:16:07","guid":{"rendered":"http:\/\/www.buscounviaje.com\/blog\/?p=4623"},"modified":"2019-09-06T16:27:21","modified_gmt":"2019-09-06T14:27:21","slug":"viajes-buenos-bonitos-baratos-verano","status":"publish","type":"post","link":"https:\/\/www.buscounviaje.com\/blog\/mejores-destinos\/viajes-buenos-bonitos-baratos-verano\/","title":{"rendered":"5 destinos baratos y cercanos para este verano"},"content":{"rendered":"<p>\u00a1Summertime!\u00a0Es la \u00e9poca en la que m\u00e1s tiempo libre sueles tener y por eso es perfecta para vivir nuevas experiencias, disfrutar de la vida o simplemente saborear del descanso que te has ganado durante todo el a\u00f1o.<br \/>\nSi este verano (o despu\u00e9s) te vas a ir de vacaciones y&#8230; no te vas al apartamento de tu familia, no te vas al pueblo del interior del interior, tienes un presupuesto superior a 17\u20ac, y quieres que tu viaje de este a\u00f1o sea de esos viajes que no se olvidan&#8230; tu verano se llama <a href=\"https:\/\/www.buscounviaje.com\/\">BuscoUnViaje.com<\/a>.<br \/>\nPara ayudarte te recomendamos <strong>cinco destinos baratos y cercanos para este verano<\/strong>.<\/p>\n<h3><a href=\"https:\/\/www.buscounviaje.com\/viajes\/selva-negra-de\">VIAJES A SELVA NEGRA<\/a><\/h3>\n<p><img loading=\"lazy\" decoding=\"async\" class=\"alignnone size-full wp-image-4625\" src=\"http:\/\/www.buscounviaje.com\/blog\/wp-content\/uploads\/2013\/07\/Viajes-a-Selva-Negra.jpg\" alt=\"Viajes a Selva Negra\" width=\"580\" height=\"359\" \/><br \/>\nSe trata de uno de los bosques con parajes m\u00e1s hermosos de Europa Occidental. La naturaleza es uno de sus puntos fuertes, pero tambi\u00e9n hermosos pueblecitos sacados de cuentos de hada. Es una zona de Alemania perfecta para viajes en familia y tiene una gastronom\u00eda contundente y deliciosa.<br \/>\nHaz realidad esta experiencia reservando este viaje a Selva Negra:<br \/>\n<img loading=\"lazy\" decoding=\"async\" class=\"alignnone size-full wp-image-4624\" src=\"http:\/\/www.buscounviaje.com\/blog\/wp-content\/uploads\/2013\/07\/Selva-Negra.jpg\" alt=\"Selva Negra\" width=\"580\" height=\"208\" \/><\/p>\n<h3><a href=\"https:\/\/www.buscounviaje.com\/viajes\/sicilia-it\">VIAJES A SICILIA<\/a><\/h3>\n<p><img loading=\"lazy\" decoding=\"async\" class=\"alignnone size-full wp-image-4628\" src=\"http:\/\/www.buscounviaje.com\/blog\/wp-content\/uploads\/2013\/07\/Viajes-a-Sicilia.jpg\" alt=\"Viajes a Sicilia\" width=\"580\" height=\"387\" \/><br \/>\nEsta hermosa isla italiana es uno de los destinos de moda este verano y no nos extra\u00f1a. Quiz\u00e1s sus bell\u00edsimas playas, los templos griegos, los mosaicos romanos, sus volcanes activos, sus iglesias barrocas o sus mercados exuberantes tengan la culpa. Cultura, mar y buena gastronom\u00eda la convierten en un lugar perfecto para tus vacaciones.<br \/>\nHaz realidad esta experiencia reservando este viaje a Sicilia:<br \/>\n<img loading=\"lazy\" decoding=\"async\" class=\"alignnone size-full wp-image-4627\" src=\"http:\/\/www.buscounviaje.com\/blog\/wp-content\/uploads\/2013\/07\/Sicilia.jpg\" alt=\"Sicilia\" width=\"580\" height=\"210\" \/><\/p>\n<h3><a href=\"https:\/\/www.buscounviaje.com\/viajes\/toscana-it\">VIAJES A TOSCANA<\/a><\/h3>\n<p><img loading=\"lazy\" decoding=\"async\" class=\"alignnone size-full wp-image-4631\" src=\"http:\/\/www.buscounviaje.com\/blog\/wp-content\/uploads\/2013\/07\/Viajes-a-Toscana.jpg\" alt=\"Viajes a Toscana\" width=\"580\" height=\"387\" \/><br \/>\nSeguimos en Italia para perdernos por una de las regiones m\u00e1s maravillosas del mundo, la Toscana. Su legado hist\u00f3rico y cultural es incomparable, tanto o m\u00e1s que su m\u00e1gico entorno natural y su oferta gastron\u00f3mica. Imprescindible visitar Florencia, Pisa, Siena, o perderse por los innumerables pueblecitos de calles empedradas.<br \/>\nHaz realidad esta experiencia reservando este viaje a Toscana:<br \/>\n<img loading=\"lazy\" decoding=\"async\" class=\"alignnone size-full wp-image-4630\" src=\"http:\/\/www.buscounviaje.com\/blog\/wp-content\/uploads\/2013\/07\/Toscana.jpg\" alt=\"Toscana\" width=\"580\" height=\"209\" \/><\/p>\n<h3><a href=\"https:\/\/www.buscounviaje.com\/viajes\/cerdena-it\">VIAJES A CERDE\u00d1A<\/a><\/h3>\n<p><img loading=\"lazy\" decoding=\"async\" class=\"alignnone size-full wp-image-4635\" src=\"http:\/\/www.buscounviaje.com\/blog\/wp-content\/uploads\/2013\/07\/Viajes-a-Cerde\u00f1a.jpg\" alt=\"Viajes a Cerde\u00f1a\" width=\"580\" height=\"309\" \/><br \/>\nCerde\u00f1a es otra de las joyas italianas perfectas para disfrutar de tus vacaciones este verano. Su clima, sus majestuosas playas, su comida digna de dioses es perfecta para desconectar de todo y de todos, sobre todo en su costa este y el sur de Cerde\u00f1a, incluida su capital, Cagliari.<br \/>\nHaz realidad esta experiencia reservando este viaje a Toscana:<br \/>\n<img loading=\"lazy\" decoding=\"async\" class=\"alignnone size-full wp-image-4634\" src=\"http:\/\/www.buscounviaje.com\/blog\/wp-content\/uploads\/2013\/07\/Cerde\u00f1a.jpg\" alt=\"Cerde\u00f1a\" width=\"580\" height=\"209\" \/><\/p>\n<h3><a href=\"https:\/\/www.buscounviaje.com\/viajes\/escocia-gb\">VIAJES A ESCOCIA<\/a><\/h3>\n<p><img loading=\"lazy\" decoding=\"async\" class=\"alignnone size-full wp-image-4639\" src=\"http:\/\/www.buscounviaje.com\/blog\/wp-content\/uploads\/2013\/07\/Viajes-a-Escocia.jpg\" alt=\"Viajes a Escocia\" width=\"580\" height=\"469\" \/><br \/>\nNo todo son playas en verano. Si buscas temperaturas m\u00e1s suaves, amabilidad, paisajes de leyenda, castillos imponentes y un verdor inmaculado Escocia es tu destino. Edimburgo o Glasgow te parecer\u00e1n interesantes hasta que te pierdas por sus regiones monta\u00f1osas o highlands.<br \/>\nHaz realidad esta experiencia reservando este viaje a Escocia:<br \/>\n<img loading=\"lazy\" decoding=\"async\" class=\"alignnone size-full wp-image-4638\" src=\"http:\/\/www.buscounviaje.com\/blog\/wp-content\/uploads\/2013\/07\/Escocia.jpg\" alt=\"Escocia\" width=\"580\" height=\"208\" \/><br \/>\n\u2014\u2014\u2014\u2014\u2014\u2014\u2014\u2014\u2014\u2013<br \/>\nLas fotos utilizadas en este post tienen una licencia Creative Commons y pertenecen a los siguientes autores: Foto Selva Negra: <a href=\"http:\/\/www.flickr.com\/photos\/mossaiq\/4535275309\/\" target=\"_blank\" rel=\"nofollow\">Guill\u00e9n P\u00e9rez<\/a> \u2013 Foto Sicilia: <a href=\"http:\/\/www.flickr.com\/photos\/robynhooz\/4852100873\/\" target=\"_blank\" rel=\"nofollow\">Robyn Hooz<\/a> \u2013 Foto Toscana: <a href=\"http:\/\/www.flickr.com\/photos\/decadence\/583616150\/\" target=\"_blank\" rel=\"nofollow\">echiner1<\/a> \u2013 Foto Cerde\u00f1a: <a href=\"http:\/\/www.flickr.com\/photos\/asibiri\/2296726110\/\" target=\"_blank\" rel=\"nofollow\">Roberto Cossu<\/a> \u2013 Foto Escocia: <a href=\"https:\/\/www.flickr.com\/photos\/tonythemisfit\/3410205245\/\" target=\"_blank\" rel=\"nofollow\">Tony Fischer<\/a><\/p>\n","protected":false},"excerpt":{"rendered":"<p>\u00a1Summertime!\u00a0Es la \u00e9poca en la que m\u00e1s tiempo libre sueles tener y por eso es perfecta para vivir nuevas experiencias, disfrutar de la vida o simplemente saborear del descanso que te has ganado durante todo el a\u00f1o. Si este verano (o despu\u00e9s) te vas a ir de vacaciones y&#8230; no te vas al apartamento de [&hellip;]<\/p>\n","protected":false},"author":8,"featured_media":9306,"comment_status":"open","ping_status":"open","sticky":false,"template":"","format":"standard","meta":{"om_disable_all_campaigns":false,"_monsterinsights_skip_tracking":false,"_monsterinsights_sitenote_active":false,"_monsterinsights_sitenote_note":"","_monsterinsights_sitenote_category":0,"footnotes":""},"categories":[15],"tags":[742,747,756,299,773,796,801,802,806],"class_list":{"0":"post-4623","1":"post","2":"type-post","3":"status-publish","4":"format-standard","5":"has-post-thumbnail","7":"category-mejores-destinos","8":"tag-viajes-a-alemania","9":"tag-viajes-a-cerdena","10":"tag-viajes-a-escocia","11":"tag-florencia","12":"tag-viajes-a-italia","13":"tag-viajes-a-reino-unido","14":"tag-viajes-a-selva-negra","15":"tag-viajes-a-sicilia","16":"tag-viajes-a-toscana"},"aioseo_notices":[],"amp_enabled":true,"_links":{"self":[{"href":"https:\/\/www.buscounviaje.com\/blog\/wp-json\/wp\/v2\/posts\/4623","targetHints":{"allow":["GET"]}}],"collection":[{"href":"https:\/\/www.buscounviaje.com\/blog\/wp-json\/wp\/v2\/posts"}],"about":[{"href":"https:\/\/www.buscounviaje.com\/blog\/wp-json\/wp\/v2\/types\/post"}],"author":[{"embeddable":true,"href":"https:\/\/www.buscounviaje.com\/blog\/wp-json\/wp\/v2\/users\/8"}],"replies":[{"embeddable":true,"href":"https:\/\/www.buscounviaje.com\/blog\/wp-json\/wp\/v2\/comments?post=4623"}],"version-history":[{"count":2,"href":"https:\/\/www.buscounviaje.com\/blog\/wp-json\/wp\/v2\/posts\/4623\/revisions"}],"predecessor-version":[{"id":9802,"href":"https:\/\/www.buscounviaje.com\/blog\/wp-json\/wp\/v2\/posts\/4623\/revisions\/9802"}],"wp:featuredmedia":[{"embeddable":true,"href":"https:\/\/www.buscounviaje.com\/blog\/wp-json\/wp\/v2\/media\/9306"}],"wp:attachment":[{"href":"https:\/\/www.buscounviaje.com\/blog\/wp-json\/wp\/v2\/media?parent=4623"}],"wp:term":[{"taxonomy":"category","embeddable":true,"href":"https:\/\/www.buscounviaje.com\/blog\/wp-json\/wp\/v2\/categories?post=4623"},{"taxonomy":"post_tag","embeddable":true,"href":"https:\/\/www.buscounviaje.com\/blog\/wp-json\/wp\/v2\/tags?post=4623"}],"curies":[{"name":"wp","href":"https:\/\/api.w.org\/{rel}","templated":true}]}}