{"id":4021,"date":"2012-08-08T17:10:55","date_gmt":"2012-08-08T15:10:55","guid":{"rendered":"http:\/\/www.buscounviaje.com\/blog\/?p=4021"},"modified":"2019-09-06T16:48:05","modified_gmt":"2019-09-06T14:48:05","slug":"la-republica-checa-a-ritmo-de-jazz","status":"publish","type":"post","link":"https:\/\/www.buscounviaje.com\/blog\/emociones-viajeras\/la-republica-checa-a-ritmo-de-jazz\/","title":{"rendered":"Al ritmo del jazz en Praga"},"content":{"rendered":"\n<p><br>Praga se lleva la mayor parte de la atenci\u00f3n de los <a href=\"https:\/\/www.buscounviaje.com\/viajes\/republica-checa-cz\"><strong>viajes a Rep\u00fablica Checa<\/strong><\/a>, pero se trata de un pa\u00eds con much\u00edsimas propuestas interesantes para el viajero, sobre todo, para los amantes de la buena m\u00fasica como lo muestra el v\u00eddeo.<\/p>\n\n\n\n<iframe loading=\"lazy\" src=\"https:\/\/www.youtube.com\/embed\/KLZ6onTbNfk\" allowfullscreen=\"allowfullscreen\" width=\"560\" height=\"315\" frameborder=\"0\"><\/iframe>\n\n\n\n<p><\/p>\n\n\n\n<p><br>Y es que pensar en un destino como Rep\u00fablica Checa trae consigo estampas de rom\u00e1nticas ciudades medievales, aroma y sabor de buena a cerveza, paisajes verdes, y un hilo musical que es imposible no reconocer, porque este pa\u00eds vibra como pocos al ritmo del jazz.<br>Con la llegada del verano y tambi\u00e9n en oto\u00f1o, se suceden a lo largo de todo el pa\u00eds diversos festivales de jazz que han alcanzado prestigio internacional. La pl\u00e9yade de m\u00fasicos es impresionante, ya que llegan de todos los puntos del globo. Hay muchos artistas locales, pero tambi\u00e9n de lugares tan importantes para este g\u00e9nero como la m\u00edtica Nueva Orleans.<br>El encargado de abrir el fuego fue el <strong>Bohemia Jazz Fest<\/strong> que comenz\u00f3 a principios del mes de julio y que recorri\u00f3 emblem\u00e1ticas ciudades como Praga, Brno, Olomouc, Pilsen o T\u00e1bor. Este festival destaca por su incre\u00edble oferta de conciertos pero tambi\u00e9n por sus paisajes patrimonio de la UNESCO.<br>En agosto le pasa el testigo al <a href=\"http:\/\/www.sbjf.cz\/cs\/\" target=\"_blank\" rel=\"nofollow\"><strong>Festival de Jazz de Bohemia del Sur<\/strong><\/a> y en octubre el <a href=\"https:\/\/www.bohemiajazzfest.cz\/praha\/program-en\/\" target=\"_blank\" rel=\"nofollow\"><strong>Festival internacional de Jazz de Praga<\/strong><\/a>, ambos con m\u00fasicos de primer\u00edsimo nivel.<br>Por ejemplo este fin de semana Eddi Palmieri, la leyenda del jazz latinoamericano y ganador de un Grammy, tocar\u00e1 en el Festival de Bohemia del Sur. Carmen Souza o Fred Wesley amenizaran el verano checo.<\/p>\n\n\n\n<figure class=\"wp-block-image alignnone wp-image-8639\"><img decoding=\"async\" src=\"https:\/\/www.buscounviaje.com\/blog\/wp-content\/uploads\/2012\/08\/Eddie_Palmieri_mit_Bassist_Luques_Curtis-440x352.jpg\" alt=\"Eddie_Palmieri_mit_Bassist_Luques_Curtis\" class=\"wp-image-8639\"\/><figcaption>Eddie Palmieri junto a Luques Curtis<\/figcaption><\/figure>\n\n\n\n<p><br>Ya en oto\u00f1o, otros como Brian Fentress en el Festival Internacional de Jazz de Praga o John Gros y Brian Seeger, procedentes de la m\u00edtica ciudad del jazz americana Nueva Orleans, en el festival <a href=\"http:\/\/www.jazzgoestotown.cz\/\" target=\"_blank\" rel=\"nofollow\"><strong>Jazz Goes to Town<\/strong><\/a>, seguir\u00e1n haciendo sonar el hilo musical checo durante octubre.<br>Todos aquellos que se consideren amantes del jazz no pueden perderse estos festivales que concentran en Rep\u00fablica Checa a lo mejor del jazz del s XXI. Un jazz que, unido a la cerveza, el romanticismo y la cultura, completa todo aquello que significa Rep\u00fablica Checa.<br>Descubre el ritmo y una cara diferente de este espectacular pa\u00eds reservando alguno de estos <b><a href=\"https:\/\/www.buscounviaje.com\/circuitos\/republica-checa-cz\">circuitos por Republica Checa<\/a>.<\/b><\/p>\n\n\n<!-- BUV_DESTINATION_BUTTON_START -->\n<div style=\"text-align: center; margin: 30px 0;\">\n    <a href=\"https:\/\/www.buscounviaje.com\/circuitos\/praga-cz\" class=\"boton\">Ver nuestra recomendaci\u00f3n de viajes a Praga<\/a>\n<\/div>\n<!-- BUV_DESTINATION_BUTTON_END -->","protected":false},"excerpt":{"rendered":"<p>Praga se lleva la mayor parte de la atenci\u00f3n de los viajes a Rep\u00fablica Checa, pero se trata de un pa\u00eds con much\u00edsimas propuestas interesantes para el viajero, sobre todo, para los amantes de la buena m\u00fasica como lo muestra el v\u00eddeo. Y es que pensar en un destino como Rep\u00fablica Checa trae consigo estampas [&hellip;]<\/p>\n","protected":false},"author":8,"featured_media":9861,"comment_status":"open","ping_status":"open","sticky":false,"template":"","format":"standard","meta":{"om_disable_all_campaigns":false,"_monsterinsights_skip_tracking":false,"_monsterinsights_sitenote_active":false,"_monsterinsights_sitenote_note":"","_monsterinsights_sitenote_category":0,"footnotes":""},"categories":[13],"tags":[264,279,797],"class_list":{"0":"post-4021","1":"post","2":"type-post","3":"status-publish","4":"format-standard","5":"has-post-thumbnail","7":"category-emociones-viajeras","8":"tag-eventos","9":"tag-festival","10":"tag-viajes-a-republica-checa"},"aioseo_notices":[],"amp_enabled":true,"_links":{"self":[{"href":"https:\/\/www.buscounviaje.com\/blog\/wp-json\/wp\/v2\/posts\/4021","targetHints":{"allow":["GET"]}}],"collection":[{"href":"https:\/\/www.buscounviaje.com\/blog\/wp-json\/wp\/v2\/posts"}],"about":[{"href":"https:\/\/www.buscounviaje.com\/blog\/wp-json\/wp\/v2\/types\/post"}],"author":[{"embeddable":true,"href":"https:\/\/www.buscounviaje.com\/blog\/wp-json\/wp\/v2\/users\/8"}],"replies":[{"embeddable":true,"href":"https:\/\/www.buscounviaje.com\/blog\/wp-json\/wp\/v2\/comments?post=4021"}],"version-history":[{"count":1,"href":"https:\/\/www.buscounviaje.com\/blog\/wp-json\/wp\/v2\/posts\/4021\/revisions"}],"predecessor-version":[{"id":9862,"href":"https:\/\/www.buscounviaje.com\/blog\/wp-json\/wp\/v2\/posts\/4021\/revisions\/9862"}],"wp:featuredmedia":[{"embeddable":true,"href":"https:\/\/www.buscounviaje.com\/blog\/wp-json\/wp\/v2\/media\/9861"}],"wp:attachment":[{"href":"https:\/\/www.buscounviaje.com\/blog\/wp-json\/wp\/v2\/media?parent=4021"}],"wp:term":[{"taxonomy":"category","embeddable":true,"href":"https:\/\/www.buscounviaje.com\/blog\/wp-json\/wp\/v2\/categories?post=4021"},{"taxonomy":"post_tag","embeddable":true,"href":"https:\/\/www.buscounviaje.com\/blog\/wp-json\/wp\/v2\/tags?post=4021"}],"curies":[{"name":"wp","href":"https:\/\/api.w.org\/{rel}","templated":true}]}}