{"id":3603,"date":"2012-05-14T19:18:47","date_gmt":"2012-05-14T17:18:47","guid":{"rendered":"http:\/\/www.buscounviaje.com\/blog\/?p=3603"},"modified":"2019-08-31T02:45:48","modified_gmt":"2019-08-31T00:45:48","slug":"viajes-austria-hallstatt-alpes-austriacos","status":"publish","type":"post","link":"https:\/\/www.buscounviaje.com\/blog\/emociones-viajeras\/viajes-austria-hallstatt-alpes-austriacos\/","title":{"rendered":"Hallstatt en Austria, un pueblo de cuento"},"content":{"rendered":"\n<p>\u00bfHab\u00e9is tenido la sensaci\u00f3n de visitar alguna vez un pueblo de cuento? En los <strong><a href=\"https:\/\/www.buscounviaje.com\/viajes\/austria-at\">viajes a Austria<\/a><\/strong> se tiene esta impresi\u00f3n constantemente, sobre todo si lleg\u00e1is hasta un encantador lugar llamado <strong>Hallstatt<\/strong> que est\u00e1 enclavado en los <strong>Alpes Austriacos<\/strong>.<\/p>\n\n\n\n<div class=\"wp-block-image\"><figure class=\"aligncenter\"><img decoding=\"async\" src=\"https:\/\/www.buscounviaje.com\/blog\/wp-content\/uploads\/2012\/05\/2112904832_ce4768b5f9_z-e1561939818587.jpg\" alt=\"Hallstatt en los Alpes Austriacos\" class=\"wp-image-3604\"\/><\/figure><\/div>\n\n\n\n<p><br>Esta imagen de <strong>Hallstat<\/strong> en miniatura fue tomada por <a href=\"https:\/\/www.flickr.com\/photos\/oseillo\/2112904832\/\" target=\"_blank\" rel=\"nofollow\">Jose Maria Mi\u00f1arro Vivancos<\/a> y creemos que refleja perfectamente la esencia de este hermoso pueblo alpino.<br>Lo m\u00e1s extraordinario de <strong>Hallstat en Austria,<\/strong> es que se pueden contemplar las imponentes cumbres de los Alpes al mismo tiempo que se disfruta de las vistas del magnifico lago <strong>Hallst\u00e4tter See<\/strong>.<br>Si os apetece vivir vuestro propio cuento, llegar hasta all\u00ed es relativamente sencillo. El peque\u00f1o pueblo de Hallstatt est\u00e1 a tan s\u00f3lo una hora de <strong>Salzburgo<\/strong>. Es impresionante ver c\u00f3mo cambia el paisaje de un lugar a otro de <strong>Austria<\/strong>.<\/p>\n\n\n\n<div class=\"wp-block-image\"><figure class=\"aligncenter\"><img decoding=\"async\" src=\"https:\/\/www.buscounviaje.com\/blog\/wp-content\/uploads\/2012\/05\/Hallstatt-en-los-Alpes-Austriacos.jpg\" alt=\"Hallstatt en los Alpes Austriacos\" class=\"wp-image-8855\"\/><\/figure><\/div>\n\n\n\n<p><br>Pero <strong>Hallstatt<\/strong> es mucho m\u00e1s que bonitas vistas y casitas de cuentos. En 1997 fue declarada Patrimonio de la Humanidad por la UNESCO. Adem\u00e1s, alberga la mina de sal m\u00e1s antigua del mundo.<br><strong>Hallstatt<\/strong>, un pueblo de cuento en plenos Alpes Austriacos que pod\u00e9is visitar reservando un <strong>viaje a Austria<\/strong> a trav\u00e9s de <strong><a href=\"https:\/\/www.buscounviaje.com\/\">BuscoUnViaje.com<\/a><\/strong>.<\/p>\n\n\n<!-- BUV_DESTINATION_BUTTON_START -->\n<div style=\"text-align: center; margin: 30px 0;\">\n    <a href=\"https:\/\/www.buscounviaje.com\/circuitos\/austria-at\" class=\"boton\">Ver nuestra recomendaci\u00f3n de viajes a Austria<\/a>\n<\/div>\n<!-- BUV_DESTINATION_BUTTON_END -->","protected":false},"excerpt":{"rendered":"<p>\u00bfHab\u00e9is tenido la sensaci\u00f3n de visitar alguna vez un pueblo de cuento? En los viajes a Austria se tiene esta impresi\u00f3n constantemente, sobre todo si lleg\u00e1is hasta un encantador lugar llamado Hallstatt que est\u00e1 enclavado en los Alpes Austriacos. Esta imagen de Hallstat en miniatura fue tomada por Jose Maria Mi\u00f1arro Vivancos y creemos que [&hellip;]<\/p>\n","protected":false},"author":8,"featured_media":11155,"comment_status":"open","ping_status":"open","sticky":false,"template":"","format":"standard","meta":{"om_disable_all_campaigns":false,"_monsterinsights_skip_tracking":false,"_monsterinsights_sitenote_active":false,"_monsterinsights_sitenote_note":"","_monsterinsights_sitenote_category":0,"footnotes":""},"categories":[13],"tags":[515,816,33],"class_list":{"0":"post-3603","1":"post","2":"type-post","3":"status-publish","4":"format-standard","5":"has-post-thumbnail","7":"category-emociones-viajeras","8":"tag-patrimonio","9":"tag-viajes-austria","10":"tag-alpes"},"aioseo_notices":[],"amp_enabled":true,"_links":{"self":[{"href":"https:\/\/www.buscounviaje.com\/blog\/wp-json\/wp\/v2\/posts\/3603","targetHints":{"allow":["GET"]}}],"collection":[{"href":"https:\/\/www.buscounviaje.com\/blog\/wp-json\/wp\/v2\/posts"}],"about":[{"href":"https:\/\/www.buscounviaje.com\/blog\/wp-json\/wp\/v2\/types\/post"}],"author":[{"embeddable":true,"href":"https:\/\/www.buscounviaje.com\/blog\/wp-json\/wp\/v2\/users\/8"}],"replies":[{"embeddable":true,"href":"https:\/\/www.buscounviaje.com\/blog\/wp-json\/wp\/v2\/comments?post=3603"}],"version-history":[{"count":1,"href":"https:\/\/www.buscounviaje.com\/blog\/wp-json\/wp\/v2\/posts\/3603\/revisions"}],"predecessor-version":[{"id":11156,"href":"https:\/\/www.buscounviaje.com\/blog\/wp-json\/wp\/v2\/posts\/3603\/revisions\/11156"}],"wp:featuredmedia":[{"embeddable":true,"href":"https:\/\/www.buscounviaje.com\/blog\/wp-json\/wp\/v2\/media\/11155"}],"wp:attachment":[{"href":"https:\/\/www.buscounviaje.com\/blog\/wp-json\/wp\/v2\/media?parent=3603"}],"wp:term":[{"taxonomy":"category","embeddable":true,"href":"https:\/\/www.buscounviaje.com\/blog\/wp-json\/wp\/v2\/categories?post=3603"},{"taxonomy":"post_tag","embeddable":true,"href":"https:\/\/www.buscounviaje.com\/blog\/wp-json\/wp\/v2\/tags?post=3603"}],"curies":[{"name":"wp","href":"https:\/\/api.w.org\/{rel}","templated":true}]}}