{"id":3580,"date":"2012-05-09T18:59:29","date_gmt":"2012-05-09T16:59:29","guid":{"rendered":"http:\/\/www.buscounviaje.com\/blog\/?p=3580"},"modified":"2019-08-22T09:29:24","modified_gmt":"2019-08-22T07:29:24","slug":"viajes-francia-alpes-aiguille-midi","status":"publish","type":"post","link":"https:\/\/www.buscounviaje.com\/blog\/emociones-viajeras\/viajes-francia-alpes-aiguille-midi\/","title":{"rendered":"Telef\u00e9rico Aiguille du Midi, el m\u00e1s alto de Europa"},"content":{"rendered":"\n<p><br>Uno de los lugares donde m\u00e1s me cerca del cielo me he sentido ha sido en un <a href=\"https:\/\/www.buscounviaje.com\/viajes\/alpes-franceses-fr\"><strong>viaje a los Alpes Franceses<\/strong>.<\/a> Estoy hablando del <\/p>\n\n\n\n<div class=\"wp-block-image\"><figure class=\"aligncenter\"><img decoding=\"async\" src=\"http:\/\/www.buscounviaje.com\/blog\/wp-content\/uploads\/2012\/05\/6011905375_61ae8f6491_z.jpg\" alt=\"\" class=\"wp-image-3581\"\/><\/figure><\/div>\n\n\n\n<p><strong>telef\u00e9rico del Aiguille du Midi el m\u00e1s alto de Europa<\/strong> con sus 3.842 metros de altitud.<br>Este imponente lugar es de los que m\u00e1s me han impresionado de mis <strong><a href=\"https:\/\/www.buscounviaje.com\/viajes\/francia-fr\">viajes a Francia<\/a><\/strong> y lo recomiendo a todo aquel que quiera ver algunas de las cumbres m\u00e1s hermosas de Europa, con nieve incluso en pleno verano.<br>El desnivel entre <strong>Chamonix<\/strong> y la cumbre es de casi 3.000 metros y se recorre en poco m\u00e1s de 20 minutos.<\/p>\n\n\n\n<h3 class=\"wp-block-heading\">El trayecto del&nbsp;Telef\u00e9rico Aiguille du Midi<\/h3>\n\n\n\n<p><br>Este divertido e inolvidable trayecto se cubre en dos tramos. Es complejo que os describa las panor\u00e1micas de los Alpes que pude contemplar desde casi 4.000 metros de altitud, porque no hay palabras para hacerlo.<\/p>\n\n\n\n<div class=\"wp-block-image\"><figure class=\"aligncenter\"><img decoding=\"async\" src=\"https:\/\/www.buscounviaje.com\/blog\/wp-content\/uploads\/2012\/05\/Telef\u00e9rico-Aiguille-du-Midi-e1561950054919.jpg\" alt=\"Telef\u00e9rico Aiguille du Midi\" class=\"wp-image-8883\"\/><\/figure><\/div>\n\n\n\n<p><br>Pasar de 1.000 a 4.000 metros se nota, sobre todo a la hora de hacer esfuerzo f\u00edsico. Subir unos cuantos escalones me agotaron m\u00e1s de lo normal. Yo tuve un peque\u00f1o mareo sin importancia, aunque hay gente a la que le dieron leves cefaleas por el mal de altura. Sin embargo, las vistas del <strong>macizo del Mont Blanc<\/strong> lo curan todo.<br>No pequ\u00e9is de osados y antes de subir esta escalera al cielo preparad una mochila con un forro polar, gorro, guantes, gafas de sol y crema solar.\u00a0Nosotros tuvimos la gran suerte de disfrutar de un d\u00eda despejado y de madrugar para evitar las colas.<br>A casi 4.000 metros de altitud te sientes muy cerca del cielo, es una sensaci\u00f3n de euforia indescriptible. Da igual al lado que mires, habr\u00e1 una cumbre repleta de nieve, alg\u00fan glaciar descendiendo la monta\u00f1a o una fila de osados alpinistas que se preparan para hollar el <strong>Mont Blanc<\/strong>.<\/p>\n","protected":false},"excerpt":{"rendered":"<p>Uno de los lugares donde m\u00e1s me cerca del cielo me he sentido ha sido en un viaje a los Alpes Franceses. Estoy hablando del telef\u00e9rico del Aiguille du Midi el m\u00e1s alto de Europa con sus 3.842 metros de altitud.Este imponente lugar es de los que m\u00e1s me han impresionado de mis viajes a [&hellip;]<\/p>\n","protected":false},"author":8,"featured_media":10804,"comment_status":"open","ping_status":"open","sticky":false,"template":"","format":"standard","meta":{"om_disable_all_campaigns":false,"_monsterinsights_skip_tracking":false,"_monsterinsights_sitenote_active":false,"_monsterinsights_sitenote_note":"","_monsterinsights_sitenote_category":0,"footnotes":""},"categories":[13],"tags":[849,33],"class_list":{"0":"post-3580","1":"post","2":"type-post","3":"status-publish","4":"format-standard","5":"has-post-thumbnail","7":"category-emociones-viajeras","8":"tag-viajes-francia","9":"tag-alpes"},"aioseo_notices":[],"amp_enabled":true,"_links":{"self":[{"href":"https:\/\/www.buscounviaje.com\/blog\/wp-json\/wp\/v2\/posts\/3580","targetHints":{"allow":["GET"]}}],"collection":[{"href":"https:\/\/www.buscounviaje.com\/blog\/wp-json\/wp\/v2\/posts"}],"about":[{"href":"https:\/\/www.buscounviaje.com\/blog\/wp-json\/wp\/v2\/types\/post"}],"author":[{"embeddable":true,"href":"https:\/\/www.buscounviaje.com\/blog\/wp-json\/wp\/v2\/users\/8"}],"replies":[{"embeddable":true,"href":"https:\/\/www.buscounviaje.com\/blog\/wp-json\/wp\/v2\/comments?post=3580"}],"version-history":[{"count":2,"href":"https:\/\/www.buscounviaje.com\/blog\/wp-json\/wp\/v2\/posts\/3580\/revisions"}],"predecessor-version":[{"id":10808,"href":"https:\/\/www.buscounviaje.com\/blog\/wp-json\/wp\/v2\/posts\/3580\/revisions\/10808"}],"wp:featuredmedia":[{"embeddable":true,"href":"https:\/\/www.buscounviaje.com\/blog\/wp-json\/wp\/v2\/media\/10804"}],"wp:attachment":[{"href":"https:\/\/www.buscounviaje.com\/blog\/wp-json\/wp\/v2\/media?parent=3580"}],"wp:term":[{"taxonomy":"category","embeddable":true,"href":"https:\/\/www.buscounviaje.com\/blog\/wp-json\/wp\/v2\/categories?post=3580"},{"taxonomy":"post_tag","embeddable":true,"href":"https:\/\/www.buscounviaje.com\/blog\/wp-json\/wp\/v2\/tags?post=3580"}],"curies":[{"name":"wp","href":"https:\/\/api.w.org\/{rel}","templated":true}]}}