{"id":3454,"date":"2012-04-16T17:58:20","date_gmt":"2012-04-16T15:58:20","guid":{"rendered":"http:\/\/www.buscounviaje.com\/blog\/?p=3454"},"modified":"2019-08-31T02:36:13","modified_gmt":"2019-08-31T00:36:13","slug":"viajes-senegal-fotografias-aereas-dakar","status":"publish","type":"post","link":"https:\/\/www.buscounviaje.com\/blog\/emociones-viajeras\/viajes-senegal-fotografias-aereas-dakar\/","title":{"rendered":"Impresionantes fotos a\u00e9reas de Dakar en Senegal"},"content":{"rendered":"\n<p><br>El bullicio de Dakar, el &#8220;marciano&#8221; Lago Rosa, la riqueza \u00e9tnica del Delta del Saloum, Saint-Louis, la isla de Gor\u00e9e, el parque nacional de Niokolo-Koba&#8230;<\/p>\n\n\n\n<div class=\"wp-block-image\"><figure class=\"aligncenter\"><img decoding=\"async\" src=\"http:\/\/www.buscounviaje.com\/blog\/wp-content\/uploads\/2012\/04\/5274657815_488199ea93_z.jpg\" alt=\"\" class=\"wp-image-3457\"\/><\/figure><\/div>\n\n\n\n<div class=\"wp-block-image\"><figure class=\"aligncenter\"><img decoding=\"async\" src=\"http:\/\/www.buscounviaje.com\/blog\/wp-content\/uploads\/2012\/04\/5274664211_eafdf7aa30_z.jpg\" alt=\"\" class=\"wp-image-3458\"\/><\/figure><\/div>\n\n\n\n<p><br>Seguro que el fot\u00f3grafo&nbsp;<strong><a href=\"https:\/\/www.flickr.com\/photos\/attawayjl\/\" target=\"_blank\" rel=\"nofollow\">Jeff Attaway<\/a><\/strong>&nbsp;podr\u00eda contarnos muchas cosas sobre Senegal, pero sus im\u00e1genes a\u00e9reas valen m\u00e1s que mil palabras.<\/p>\n\n\n\n<div class=\"wp-block-image\"><figure class=\"aligncenter\"><img decoding=\"async\" src=\"http:\/\/www.buscounviaje.com\/blog\/wp-content\/uploads\/2012\/04\/5067598664_764452e1ed_z.jpg\" alt=\"\" class=\"wp-image-3459\"\/><\/figure><\/div>\n\n\n\n<p><br>En sus <strong><a href=\"https:\/\/www.buscounviaje.com\/viajes\/senegal-sn\">viajes a Senegal<\/a>&nbsp;<\/strong>ha podido capturar hermos\u00edsimas instant\u00e1neas a\u00e9reas que nos dejan una imagen sorprendente y cautivadora de este precioso pa\u00eds africano.<\/p>\n\n\n\n<div class=\"wp-block-image\"><figure class=\"aligncenter\"><img decoding=\"async\" src=\"http:\/\/www.buscounviaje.com\/blog\/wp-content\/uploads\/2012\/04\/5728191168_0cd9b4d3a7_z.jpg\" alt=\"\" class=\"wp-image-3460\"\/><\/figure><\/div>\n\n\n\n<p><br>Disfrutad de estas impresionantes fotos a\u00e9reas de Dakar, aunque &nbsp;si os apetece organizar un&nbsp;<strong>viaje a Senegal <\/strong>y disfrutar de todas sus bondades<strong>,&nbsp;<\/strong>pod\u00e9is hacerlo directamente desde&nbsp;<strong><a href=\"https:\/\/www.buscounviaje.com\/\">BuscoUnViaje.com<\/a><\/strong>.<\/p>\n\n\n<!-- BUV_DESTINATION_BUTTON_START -->\n<div style=\"text-align: center; margin: 30px 0;\">\n    <a href=\"https:\/\/www.buscounviaje.com\/circuitos\/senegal-sn\" class=\"boton\">Ver nuestra recomendaci\u00f3n de viajes a Senegal<\/a>\n<\/div>\n<!-- BUV_DESTINATION_BUTTON_END -->","protected":false},"excerpt":{"rendered":"<p>El bullicio de Dakar, el &#8220;marciano&#8221; Lago Rosa, la riqueza \u00e9tnica del Delta del Saloum, Saint-Louis, la isla de Gor\u00e9e, el parque nacional de Niokolo-Koba&#8230; Seguro que el fot\u00f3grafo&nbsp;Jeff Attaway&nbsp;podr\u00eda contarnos muchas cosas sobre Senegal, pero sus im\u00e1genes a\u00e9reas valen m\u00e1s que mil palabras. En sus viajes a Senegal&nbsp;ha podido capturar hermos\u00edsimas instant\u00e1neas a\u00e9reas que [&hellip;]<\/p>\n","protected":false},"author":8,"featured_media":11148,"comment_status":"open","ping_status":"open","sticky":false,"template":"","format":"standard","meta":{"om_disable_all_campaigns":false,"_monsterinsights_skip_tracking":false,"_monsterinsights_sitenote_active":false,"_monsterinsights_sitenote_note":"","_monsterinsights_sitenote_category":0,"footnotes":""},"categories":[13],"tags":[210,622],"class_list":{"0":"post-3454","1":"post","2":"type-post","3":"status-publish","4":"format-standard","5":"has-post-thumbnail","7":"category-emociones-viajeras","8":"tag-dakar","9":"tag-senegal"},"aioseo_notices":[],"amp_enabled":true,"_links":{"self":[{"href":"https:\/\/www.buscounviaje.com\/blog\/wp-json\/wp\/v2\/posts\/3454","targetHints":{"allow":["GET"]}}],"collection":[{"href":"https:\/\/www.buscounviaje.com\/blog\/wp-json\/wp\/v2\/posts"}],"about":[{"href":"https:\/\/www.buscounviaje.com\/blog\/wp-json\/wp\/v2\/types\/post"}],"author":[{"embeddable":true,"href":"https:\/\/www.buscounviaje.com\/blog\/wp-json\/wp\/v2\/users\/8"}],"replies":[{"embeddable":true,"href":"https:\/\/www.buscounviaje.com\/blog\/wp-json\/wp\/v2\/comments?post=3454"}],"version-history":[{"count":1,"href":"https:\/\/www.buscounviaje.com\/blog\/wp-json\/wp\/v2\/posts\/3454\/revisions"}],"predecessor-version":[{"id":11149,"href":"https:\/\/www.buscounviaje.com\/blog\/wp-json\/wp\/v2\/posts\/3454\/revisions\/11149"}],"wp:featuredmedia":[{"embeddable":true,"href":"https:\/\/www.buscounviaje.com\/blog\/wp-json\/wp\/v2\/media\/11148"}],"wp:attachment":[{"href":"https:\/\/www.buscounviaje.com\/blog\/wp-json\/wp\/v2\/media?parent=3454"}],"wp:term":[{"taxonomy":"category","embeddable":true,"href":"https:\/\/www.buscounviaje.com\/blog\/wp-json\/wp\/v2\/categories?post=3454"},{"taxonomy":"post_tag","embeddable":true,"href":"https:\/\/www.buscounviaje.com\/blog\/wp-json\/wp\/v2\/tags?post=3454"}],"curies":[{"name":"wp","href":"https:\/\/api.w.org\/{rel}","templated":true}]}}