{"id":341,"date":"2010-04-03T12:00:29","date_gmt":"2010-04-03T10:00:29","guid":{"rendered":"http:\/\/www.buscounviaje.com\/blog\/?p=341"},"modified":"2019-08-28T04:34:00","modified_gmt":"2019-08-28T02:34:00","slug":"pescando-el-cielo-en-costa-rica","status":"publish","type":"post","link":"https:\/\/www.buscounviaje.com\/blog\/emociones-viajeras\/pescando-el-cielo-en-costa-rica\/","title":{"rendered":"Pescando el cielo en un viaje a Costa Rica"},"content":{"rendered":"\n<p>Cada vez que me preparo para <strong>un viaje<\/strong> me asalta la misma incertidumbre: \u00bflo conseguir\u00e9 esta vez?<strong> \u00bfLograr\u00e9 hacer esa foto que siempre se me resiste?<\/strong><\/p>\n\n\n\n<p>Esa obsesi\u00f3n me persigue desde que vi una una foto similar a <a href=\"https:\/\/www.gettyimages.com.mx\/detail\/foto\/vietnam-can-tho-fisherman-throwing-net-into-mekong-fotograf%C3%ADa-de-stock\/AO0680-001\" target=\"_blank\" rel=\"nofollow\">esta.<\/a>&nbsp;Y, tengo que decirlo, es una obsesi\u00f3n que todav\u00eda no he logrado apaciguar&#8230; Parece simple: <strong>un pescador, una red y una c\u00e1mara de fotos.<\/strong> Pero por ahora no lo he conseguido&#8230; Siempre hay algo que falla: a veces no hay pescadores, otras los hay pero no tienen redes, y alguna vez he visto al pescador y su red y yo no llevaba la c\u00e1mara. Y en las contadas ocasiones en que todos los elementos se conjugaban m\u00e1gicamente (pescador + red + c\u00e1mara), no he logrado situarme en el punto donde era necesario estar para lograr la tan ansiada foto: en el agua delante del pescador.<\/p>\n\n\n\n<p>Hoy comparto la foto m\u00e1s cercana que he conseguido hacer de &#8220;mi foto&#8221;. Hace ya tiempo la titul\u00e9 &#8220;<strong>el pescador de cielo<\/strong>&#8220;, y no le voy cambiar el nombre a estas alturas. La hice hace unos a\u00f1os en Puerto Jimenez, en uno de mis&nbsp;<a href=\"https:\/\/www.buscounviaje.com\/viajes\/costa-rica-cr\"><strong>viajes a Costa Rica<\/strong><\/a>. Es cierto que no es &#8220;la foto&#8221;, pero a cambio, logra un efecto que me encanta: la mezcla entre el agua y el cielo, y el pescador (y su red) mezclado en la <strong>peque\u00f1a isla de arena<\/strong>.<\/p>\n\n\n\n<div class=\"wp-block-image size-large wp-image-343\"><figure class=\"aligncenter\"><img decoding=\"async\" src=\"http:\/\/www.buscounviaje.com\/blog\/wp-content\/uploads\/2010\/04\/pescador_costa_rica-330x440.jpg\" alt=\"Pescador entre el cielo y la tierra\" class=\"wp-image-343\"\/><figcaption>El pescador, su red, el cielo, el mar y la tierra &#8211; Puerto Jimenez, Costa Rica<\/figcaption><\/figure><\/div>\n\n\n\n<p>El pr\u00f3ximo viaje lo conseguir\u00e9&#8230; Aunque sea a costa de mojarme el ombligo, me colocar\u00e9 delante del pescador, esperar\u00e9 a que lance su red, y el click de la c\u00e1mara capturar\u00e1 al <strong>cielo y al hombre a trav\u00e9s de los agujeros de la red<\/strong>.<\/p>\n\n\n\n<p>Descubre aqu\u00ed todos los <a href=\"https:\/\/www.buscounviaje.com\/circuitos\/costa-rica-cr\"><strong>circuitos por Costa Rica<\/strong><\/a>.&nbsp;<\/p>\n\n\n\n<p><\/p>\n\n\n<!-- BUV_DESTINATION_BUTTON_START -->\n<div style=\"text-align: center; margin: 30px 0;\">\n    <a href=\"https:\/\/www.buscounviaje.com\/circuitos\/costa-rica-cr\" class=\"boton\">Ver nuestra recomendaci\u00f3n de viajes a Costa Rica<\/a>\n<\/div>\n<!-- BUV_DESTINATION_BUTTON_END -->","protected":false},"excerpt":{"rendered":"<p>Aqu\u00ed el intento de uno de nuestros autores por conseguir la foto de sus sue\u00f1os en un viaje a Costa Rica. Reserva tu pr\u00f3ximo destino con las mejores agencias.<\/p>\n","protected":false},"author":9,"featured_media":10966,"comment_status":"open","ping_status":"open","sticky":false,"template":"","format":"standard","meta":{"om_disable_all_campaigns":false,"_monsterinsights_skip_tracking":false,"_monsterinsights_sitenote_active":false,"_monsterinsights_sitenote_note":"","_monsterinsights_sitenote_category":0,"footnotes":""},"categories":[13],"tags":[203],"class_list":{"0":"post-341","1":"post","2":"type-post","3":"status-publish","4":"format-standard","5":"has-post-thumbnail","7":"category-emociones-viajeras","8":"tag-costa-rica"},"aioseo_notices":[],"amp_enabled":true,"_links":{"self":[{"href":"https:\/\/www.buscounviaje.com\/blog\/wp-json\/wp\/v2\/posts\/341","targetHints":{"allow":["GET"]}}],"collection":[{"href":"https:\/\/www.buscounviaje.com\/blog\/wp-json\/wp\/v2\/posts"}],"about":[{"href":"https:\/\/www.buscounviaje.com\/blog\/wp-json\/wp\/v2\/types\/post"}],"author":[{"embeddable":true,"href":"https:\/\/www.buscounviaje.com\/blog\/wp-json\/wp\/v2\/users\/9"}],"replies":[{"embeddable":true,"href":"https:\/\/www.buscounviaje.com\/blog\/wp-json\/wp\/v2\/comments?post=341"}],"version-history":[{"count":3,"href":"https:\/\/www.buscounviaje.com\/blog\/wp-json\/wp\/v2\/posts\/341\/revisions"}],"predecessor-version":[{"id":10967,"href":"https:\/\/www.buscounviaje.com\/blog\/wp-json\/wp\/v2\/posts\/341\/revisions\/10967"}],"wp:featuredmedia":[{"embeddable":true,"href":"https:\/\/www.buscounviaje.com\/blog\/wp-json\/wp\/v2\/media\/10966"}],"wp:attachment":[{"href":"https:\/\/www.buscounviaje.com\/blog\/wp-json\/wp\/v2\/media?parent=341"}],"wp:term":[{"taxonomy":"category","embeddable":true,"href":"https:\/\/www.buscounviaje.com\/blog\/wp-json\/wp\/v2\/categories?post=341"},{"taxonomy":"post_tag","embeddable":true,"href":"https:\/\/www.buscounviaje.com\/blog\/wp-json\/wp\/v2\/tags?post=341"}],"curies":[{"name":"wp","href":"https:\/\/api.w.org\/{rel}","templated":true}]}}