{"id":2913,"date":"2011-02-17T23:02:43","date_gmt":"2011-02-17T22:02:43","guid":{"rendered":"http:\/\/www.buscounviaje.com\/blog\/?p=2913"},"modified":"2019-09-12T12:29:27","modified_gmt":"2019-09-12T10:29:27","slug":"la-mezquita-azul-de-estambul","status":"publish","type":"post","link":"https:\/\/www.buscounviaje.com\/blog\/emociones-viajeras\/la-mezquita-azul-de-estambul\/","title":{"rendered":"Visita la Mezquita Azul en Estambul, Turqu\u00eda"},"content":{"rendered":"<p><img loading=\"lazy\" decoding=\"async\" class=\"alignnone size-full wp-image-2915\" src=\"https:\/\/www.buscounviaje.com\/blog\/wp-content\/uploads\/2011\/02\/Mezquita-Azul-de-Estambul-e1562911469293.jpg\" alt=\"Mezquita Azul de Estambul\" width=\"557\" height=\"371\" \/><br \/>\n<strong>La Mezquita Azul en <a href=\"https:\/\/www.buscounviaje.com\/viajes\/estambul-tr\">Estambul<\/a>, Turqu\u00eda<\/strong>, conocida como <strong>Mezquita del Sult\u00e1n Ahmed<\/strong>, es una de las m\u00e1s visitadas por sus dimensiones y belleza, tanto exterior como interior. Su fachada est\u00e1 levantada en piedra y m\u00e1rmol que, <em>durante el d\u00eda<\/em>, le aporta ese tono azulado origen de su nombre. Condimentos que la convierten en una cita obligada en <a href=\"https:\/\/www.buscounviaje.com\/viajes\/turquia-tr\"><strong>viajes a Turqu\u00eda<\/strong><\/a>.<br \/>\nSu interior est\u00e1 revestido con m\u00e1s de <strong>21000 azulejos<\/strong> de cer\u00e1mica hechos a mano, predominando tambi\u00e9n los de color azul en las zonas m\u00e1s altas de la mezquita.<br \/>\n<img loading=\"lazy\" decoding=\"async\" class=\"alignnone size-full wp-image-2916\" src=\"https:\/\/www.buscounviaje.com\/blog\/wp-content\/uploads\/2011\/02\/Ceramicas-de-la-Mezquita-Azul-e1562911669673.jpg\" alt=\"Mezquita Azul de Estambul\" width=\"557\" height=\"371\" \/><br \/>\nCon la <a href=\"https:\/\/es.wikipedia.org\/wiki\/Mezquita_Azul\" target=\"_blank\" rel=\"nofollow\"><strong>Mezquita Azul<\/strong><\/a>, el<strong> Sult\u00e1n Ahmed<\/strong> quer\u00eda construir la primera mezquita de su imperio y hacer sombra a la m\u00e1s famosa y venerada en el momento<strong> Hagia Sophia<\/strong>, levantada a escasos metros. Entre otras curiosidades, quiso que la <strong>Mezquita Azul<\/strong> tuviera <strong>seis minaretes<\/strong>. Sin embargo, este hecho fue muy criticado ya que, en aquella \u00e9poca, la \u00fanica que ten\u00eda seis minaretes era la mezquita de la Kaaba, en la Meca. El sult\u00e1n solucion\u00f3 este &#8220;problema&#8221; construyendo un s\u00e9ptimo minarete en la mezquita de la Meca.<br \/>\n<img loading=\"lazy\" decoding=\"async\" class=\"alignnone size-full wp-image-2917\" src=\"https:\/\/www.buscounviaje.com\/blog\/wp-content\/uploads\/2011\/02\/Interior-de-la-Mezquita-Azul-e1562911611506.jpg\" alt=\"Mezquita Azul de Estambul\" width=\"557\" height=\"371\" \/><\/p>\n<p><!-- BUV_DESTINATION_BUTTON_START --><\/p>\n<div style=\"text-align: center; margin: 30px 0;\">\n    <a href=\"https:\/\/www.buscounviaje.com\/circuitos\/estambul-tr\" class=\"boton\">Ver nuestra recomendaci\u00f3n de viajes a Estambul<\/a>\n<\/div>\n<p><!-- BUV_DESTINATION_BUTTON_END --><\/p>\n","protected":false},"excerpt":{"rendered":"<p>La Mezquita Azul en Estambul, Turqu\u00eda, conocida como Mezquita del Sult\u00e1n Ahmed, es una de las m\u00e1s visitadas por sus dimensiones y belleza, tanto exterior como interior. Su fachada est\u00e1 levantada en piedra y m\u00e1rmol que, durante el d\u00eda, le aporta ese tono azulado origen de su nombre. Condimentos que la convierten en una cita [&hellip;]<\/p>\n","protected":false},"author":2,"featured_media":9499,"comment_status":"open","ping_status":"open","sticky":false,"template":"","format":"standard","meta":{"om_disable_all_campaigns":false,"_monsterinsights_skip_tracking":false,"_monsterinsights_sitenote_active":false,"_monsterinsights_sitenote_note":"","_monsterinsights_sitenote_category":0,"footnotes":""},"categories":[13],"tags":[974,257,882],"class_list":{"0":"post-2913","1":"post","2":"type-post","3":"status-publish","4":"format-standard","5":"has-post-thumbnail","7":"category-emociones-viajeras","8":"tag-oriente-medio","9":"tag-estambul","10":"tag-viajes-turquia"},"aioseo_notices":[],"amp_enabled":true,"_links":{"self":[{"href":"https:\/\/www.buscounviaje.com\/blog\/wp-json\/wp\/v2\/posts\/2913","targetHints":{"allow":["GET"]}}],"collection":[{"href":"https:\/\/www.buscounviaje.com\/blog\/wp-json\/wp\/v2\/posts"}],"about":[{"href":"https:\/\/www.buscounviaje.com\/blog\/wp-json\/wp\/v2\/types\/post"}],"author":[{"embeddable":true,"href":"https:\/\/www.buscounviaje.com\/blog\/wp-json\/wp\/v2\/users\/2"}],"replies":[{"embeddable":true,"href":"https:\/\/www.buscounviaje.com\/blog\/wp-json\/wp\/v2\/comments?post=2913"}],"version-history":[{"count":1,"href":"https:\/\/www.buscounviaje.com\/blog\/wp-json\/wp\/v2\/posts\/2913\/revisions"}],"predecessor-version":[{"id":9501,"href":"https:\/\/www.buscounviaje.com\/blog\/wp-json\/wp\/v2\/posts\/2913\/revisions\/9501"}],"wp:featuredmedia":[{"embeddable":true,"href":"https:\/\/www.buscounviaje.com\/blog\/wp-json\/wp\/v2\/media\/9499"}],"wp:attachment":[{"href":"https:\/\/www.buscounviaje.com\/blog\/wp-json\/wp\/v2\/media?parent=2913"}],"wp:term":[{"taxonomy":"category","embeddable":true,"href":"https:\/\/www.buscounviaje.com\/blog\/wp-json\/wp\/v2\/categories?post=2913"},{"taxonomy":"post_tag","embeddable":true,"href":"https:\/\/www.buscounviaje.com\/blog\/wp-json\/wp\/v2\/tags?post=2913"}],"curies":[{"name":"wp","href":"https:\/\/api.w.org\/{rel}","templated":true}]}}