{"id":2117,"date":"2019-09-19T11:00:04","date_gmt":"2019-09-19T09:00:04","guid":{"rendered":"http:\/\/www.buscounviaje.com\/blog\/?p=2117"},"modified":"2019-09-13T08:38:15","modified_gmt":"2019-09-13T06:38:15","slug":"visita-el-palacio-da-pena-en-sintra-portugal","status":"publish","type":"post","link":"https:\/\/www.buscounviaje.com\/blog\/emociones-viajeras\/visita-el-palacio-da-pena-en-sintra-portugal\/","title":{"rendered":"Visita el Palacio Da Pena en Sintra, Portugal"},"content":{"rendered":"\n<p>Sobre el Monte de la Pe\u00f1a, en lo alto de la Sierra de Sintra, se encuentra uno de los edificios m\u00e1s representativos del Romanticismo del siglo XIX. El <strong>Palacio Da Pena<\/strong> es una visita casi obligatoria al <strong><a href=\"https:\/\/www.buscounviaje.com\/viajes\/portugal-pt\">viajar a Portugal<\/a><\/strong>. <\/p>\n\n\n\n<p>El impresionante palacio es famoso por su mezcla de estilos arquitect\u00f3nicos, impactante colorido y relevancia hist\u00f3rica. Se encuentra ubicado a unos 30 km de<strong> <a href=\"https:\/\/www.buscounviaje.com\/viajes\/lisboa-pt\">Lisboa<\/a><\/strong> y a 10 km de la costa sobre el oc\u00e9ano Atl\u00e1ntico. Funcion\u00f3 como residencia Real, y fue declarado Patrimonio de la Humanidad por la Unesco en 1995. <\/p>\n\n\n\n<p>Junto a su belleza, estos son los condimentos que convierten al <strong>Palacio Da Pena<\/strong> en uno de los monumentos m\u00e1s visitados del pa\u00eds ib\u00e9rico. <\/p>\n\n\n\n<p>A continuaci\u00f3n te presentamos una peque\u00f1a rese\u00f1a del lugar con datos sobre su arquitectura, historia y algunos consejos para que tu visita sea inolvidable. <\/p>\n\n\n\n<h2 class=\"wp-block-heading\">Arquitectura: Una mezcla de estilos<\/h2>\n\n\n\n<div class=\"wp-block-image\"><figure class=\"aligncenter is-resized\"><img loading=\"lazy\" decoding=\"async\" src=\"https:\/\/www.buscounviaje.com\/blog\/wp-content\/uploads\/Palacio-Nacional-de-la-Pe\u00f1a-3-1024x575.jpg\" alt=\"Palacio Da Pena en Sintra\" class=\"wp-image-11255\" width=\"756\" height=\"424\" srcset=\"https:\/\/www.buscounviaje.com\/blog\/wp-content\/uploads\/Palacio-Nacional-de-la-Pe\u00f1a-3-1024x575.jpg 1024w, https:\/\/www.buscounviaje.com\/blog\/wp-content\/uploads\/Palacio-Nacional-de-la-Pe\u00f1a-3-300x168.jpg 300w, https:\/\/www.buscounviaje.com\/blog\/wp-content\/uploads\/Palacio-Nacional-de-la-Pe\u00f1a-3-768x431.jpg 768w, https:\/\/www.buscounviaje.com\/blog\/wp-content\/uploads\/Palacio-Nacional-de-la-Pe\u00f1a-3-696x391.jpg 696w, https:\/\/www.buscounviaje.com\/blog\/wp-content\/uploads\/Palacio-Nacional-de-la-Pe\u00f1a-3-1068x600.jpg 1068w, https:\/\/www.buscounviaje.com\/blog\/wp-content\/uploads\/Palacio-Nacional-de-la-Pe\u00f1a-3-748x420.jpg 748w, https:\/\/www.buscounviaje.com\/blog\/wp-content\/uploads\/Palacio-Nacional-de-la-Pe\u00f1a-3.jpg 1920w\" sizes=\"auto, (max-width: 756px) 100vw, 756px\" \/><\/figure><\/div>\n\n\n\n<p>El <strong>Palacio da Pena<\/strong> se caracteriza por la <strong>mezcla de varios estilos arquitect\u00f3nicos<\/strong>, debido a que <strong>la concepci\u00f3n rom\u00e1ntica del siglo XIX est\u00e1 encantada por todo lo ex\u00f3tico<\/strong>. Podemos encontrar <strong>elementos de diferentes corrientes, <\/strong>entre las que se encuentran el <strong>neog\u00f3tico<\/strong>, <strong>neoisl\u00e1mico<\/strong>, <strong>neorrenacentista<\/strong>,<strong> neomanuelino<\/strong> y, en menor escala, de la <strong>arquitectura colonial<\/strong>. <\/p>\n\n\n\n<p>Contiene <strong>paredes revestidas por azulejos<\/strong> (piezas cl\u00e1sicas de Portugal), y muchas <strong>referencias religiosas y mitol\u00f3gicas<\/strong>, propias del Romanticismo. <\/p>\n\n\n\n<p>A nivel estructural, el palacio <strong>se divide en cuatro sectores principales<\/strong>:<\/p>\n\n\n\n<ul class=\"wp-block-list\"><li>El <strong>patio de los Arcos Moriscos<\/strong> frente a la capilla.<\/li><li>El <strong>edificio que corresponde al convento<\/strong>, el cual ha sido restaurado en su totalidad y se encuentra en el punto m\u00e1s alto,<strong> junto con la Torre del Reloj<\/strong>.<\/li><li>La <strong>zona palaciega<\/strong>, decorada en su interior con un <strong>estilo catedralicio<\/strong>.<\/li><li>Los<strong> cimientos y murallas exteriores<\/strong>, con dos puertas y un puente levadizo en una de ellas. <\/li><\/ul>\n\n\n\n<h2 class=\"wp-block-heading\">Historia del Palacio Da Pena<\/h2>\n\n\n\n<div class=\"wp-block-image\"><figure class=\"aligncenter is-resized\"><img loading=\"lazy\" decoding=\"async\" src=\"https:\/\/www.buscounviaje.com\/blog\/wp-content\/uploads\/Palacio-Nacional-de-la-Pe\u00f1a-1024x680.jpg\" alt=\"Palacio Da Pena en Sintra\" class=\"wp-image-11257\" width=\"756\" height=\"501\" srcset=\"https:\/\/www.buscounviaje.com\/blog\/wp-content\/uploads\/Palacio-Nacional-de-la-Pe\u00f1a-1024x680.jpg 1024w, https:\/\/www.buscounviaje.com\/blog\/wp-content\/uploads\/Palacio-Nacional-de-la-Pe\u00f1a-300x199.jpg 300w, https:\/\/www.buscounviaje.com\/blog\/wp-content\/uploads\/Palacio-Nacional-de-la-Pe\u00f1a-768x510.jpg 768w, https:\/\/www.buscounviaje.com\/blog\/wp-content\/uploads\/Palacio-Nacional-de-la-Pe\u00f1a-696x462.jpg 696w, https:\/\/www.buscounviaje.com\/blog\/wp-content\/uploads\/Palacio-Nacional-de-la-Pe\u00f1a-1068x709.jpg 1068w, https:\/\/www.buscounviaje.com\/blog\/wp-content\/uploads\/Palacio-Nacional-de-la-Pe\u00f1a-632x420.jpg 632w, https:\/\/www.buscounviaje.com\/blog\/wp-content\/uploads\/Palacio-Nacional-de-la-Pe\u00f1a.jpg 1920w\" sizes=\"auto, (max-width: 756px) 100vw, 756px\" \/><\/figure><\/div>\n\n\n\n<p>Originalmente, <strong>el palacio era un monasterio creado por el rey Juan II<\/strong>. A\u00f1os despu\u00e9s y cumpliendo una promesa, <strong>el rey Manuel I<\/strong> <strong>ordena su reconstrucci\u00f3n en honor a Nossa Senhora da Pena<\/strong>, y dona el edificio a la orden de San Jer\u00f3nimo. <strong>Luego del terremoto de 1755, solo la capilla qued\u00f3 intacta y los frailes abandonaron el sitio<\/strong>.<\/p>\n\n\n\n<p>En el a\u00f1o <strong>1836<\/strong>, <strong>el pr\u00edncipe Fernando II de Portugal, esposo de la reina Mar\u00eda II, es quien ordena la construcci\u00f3n del actual Palacio Da Pena.<\/strong> Cuenta la historia que, en una excursi\u00f3n por Sintra, la pareja Real se encuentr\u00f3 con las ruinas del antiguo monasterio. El pr\u00edncipe qued\u00f3 enamorado de la zona y decidi\u00f3 construir el palacio como regalo para su amada.<\/p>\n\n\n\n<p><strong>La restauraci\u00f3n del edificio fue muy costosa y llev\u00f3 bastante tiempo.<\/strong> El <strong>resultado final<\/strong> fue un<strong> extravagante recinto<\/strong> compuesto por diversos estilos arquitect\u00f3nicos, el cual se suma a un majestuoso parque, ubicado en las vertientes de la monta\u00f1a. <\/p>\n\n\n\n<p>Este<strong> \u00edcono de la arquitectura portuguesa<\/strong> fue la <strong>residencia de veraneo de la familia Real<\/strong>. Al concluir la dinast\u00eda en Portugal, el edificio pasa a manos del estado. <strong>Actualmente es considerado uno de los grandes destinos tur\u00edsticos del pa\u00eds.<\/strong><\/p>\n\n\n\n<h2 class=\"wp-block-heading\">Consejos para una visita inolvidable<\/h2>\n\n\n\n<div class=\"wp-block-image\"><figure class=\"aligncenter is-resized\"><img loading=\"lazy\" decoding=\"async\" src=\"https:\/\/www.buscounviaje.com\/blog\/wp-content\/uploads\/Palacio-Nacional-de-la-Pe\u00f1a-4-1024x679.jpg\" alt=\"Palacio Da Pena en Sintra\" class=\"wp-image-11262\" width=\"755\" height=\"501\" srcset=\"https:\/\/www.buscounviaje.com\/blog\/wp-content\/uploads\/Palacio-Nacional-de-la-Pe\u00f1a-4.jpg 1024w, https:\/\/www.buscounviaje.com\/blog\/wp-content\/uploads\/Palacio-Nacional-de-la-Pe\u00f1a-4-300x199.jpg 300w, https:\/\/www.buscounviaje.com\/blog\/wp-content\/uploads\/Palacio-Nacional-de-la-Pe\u00f1a-4-768x509.jpg 768w, https:\/\/www.buscounviaje.com\/blog\/wp-content\/uploads\/Palacio-Nacional-de-la-Pe\u00f1a-4-696x462.jpg 696w, https:\/\/www.buscounviaje.com\/blog\/wp-content\/uploads\/Palacio-Nacional-de-la-Pe\u00f1a-4-633x420.jpg 633w\" sizes=\"auto, (max-width: 755px) 100vw, 755px\" \/><\/figure><\/div>\n\n\n\n<p>Para visitar el <strong>Palacio Da Pena<\/strong> existen algunas <strong>recomendaciones<\/strong> a tener en cuenta, para lograr que el paseo resulte lo mejor posible.<\/p>\n\n\n\n<ul class=\"wp-block-list\"><li><strong>Planificar la visita a primera hora de la ma\u00f1ana<\/strong> para evitar las largas colas que se forman por ser uno de los monumentos m\u00e1s visitados de la zona. <\/li><li><strong>Aprovechar el <em>happy hour<\/em><\/strong> que ocurre todos los d\u00edas entre las 9.30 y las 10.30 horas. Se pueden obtener<strong> descuentos para la entrad<\/strong>a. <\/li><li><strong>Para ahorrar tiempo, <\/strong>se puede <strong>comprar una entrada combinada <\/strong>en el <strong>Castelo dos Mouros<\/strong>, donde no hay demoras en largas filas. De esta manera se puede conocer el castillo y luego acceder directamente al palacio.  <\/li><\/ul>\n\n\n\n<p>Al llegar a Sintra, se puede acceder al palacio de diferentes formas:<\/p>\n\n\n\n<ul class=\"wp-block-list\"><li><strong>A pie<\/strong>: Es un paseo muy bello pero tambi\u00e9n muy agotador. Por lo tanto, es solo recomendado para personas preparadas f\u00edsicamente, que disfruten de caminatas cuesta arriba y con curvas.<\/li><li><strong>En autob\u00fas<\/strong>: Existe uno espec\u00edfico que parte desde la Oficina de Turismo de Sintra, y se dirige hasta la puerta de entrada y el jard\u00edn del palacio. All\u00ed se encuentra la taquilla para comprar la entrada. <\/li><li><strong>En coche particular<\/strong>: Solo los veh\u00edculos autorizados pueden acceder hasta la puerta de entrada, por lo que deber\u00e1s dejar tu coche en alguno de los aparcamientos ubicados sobre la carretera que sube hacia el palacio. El resto del camino deber\u00e1 ser a pie. <\/li><\/ul>\n\n\n\n<p>De esta manera concluye esta peque\u00f1a rese\u00f1a sobre el <strong>Palacio Da Pena en Sintra<\/strong>.<\/p>\n\n\n\n<p>Para conocer m\u00e1s lugares asombrosos durante tu viaje al pa\u00eds ib\u00e9rico, explora todos los <strong><a href=\"https:\/\/www.buscounviaje.com\/circuitos\/portugal-pt\">circuitos por Portugal<\/a><\/strong> que existen en nuestra web. <\/p>\n\n\n<!-- BUV_DESTINATION_BUTTON_START -->\n<div style=\"text-align: center; margin: 30px 0;\">\n    <a href=\"https:\/\/www.buscounviaje.com\/circuitos\/portugal-pt\" class=\"boton\">Ver nuestra recomendaci\u00f3n de viajes a Portugal<\/a>\n<\/div>\n<!-- BUV_DESTINATION_BUTTON_END -->","protected":false},"excerpt":{"rendered":"<p>Si vas a viajar por Portugal, una visita obligada es el Palacio Da Pena en Sintra. Descubre este hermoso lugar,  su gran historia y su impactante arquitectura.<\/p>\n","protected":false},"author":2,"featured_media":11257,"comment_status":"open","ping_status":"open","sticky":false,"template":"","format":"standard","meta":{"om_disable_all_campaigns":false,"_monsterinsights_skip_tracking":false,"_monsterinsights_sitenote_active":false,"_monsterinsights_sitenote_note":"","_monsterinsights_sitenote_category":0,"footnotes":""},"categories":[13],"tags":[977,795,975],"class_list":{"0":"post-2117","1":"post","2":"type-post","3":"status-publish","4":"format-standard","5":"has-post-thumbnail","7":"category-emociones-viajeras","8":"tag-viajes-a-lisboa","9":"tag-viajes-a-portugal","10":"tag-viajes-a-sintra"},"aioseo_notices":[],"amp_enabled":true,"_links":{"self":[{"href":"https:\/\/www.buscounviaje.com\/blog\/wp-json\/wp\/v2\/posts\/2117","targetHints":{"allow":["GET"]}}],"collection":[{"href":"https:\/\/www.buscounviaje.com\/blog\/wp-json\/wp\/v2\/posts"}],"about":[{"href":"https:\/\/www.buscounviaje.com\/blog\/wp-json\/wp\/v2\/types\/post"}],"author":[{"embeddable":true,"href":"https:\/\/www.buscounviaje.com\/blog\/wp-json\/wp\/v2\/users\/2"}],"replies":[{"embeddable":true,"href":"https:\/\/www.buscounviaje.com\/blog\/wp-json\/wp\/v2\/comments?post=2117"}],"version-history":[{"count":8,"href":"https:\/\/www.buscounviaje.com\/blog\/wp-json\/wp\/v2\/posts\/2117\/revisions"}],"predecessor-version":[{"id":11266,"href":"https:\/\/www.buscounviaje.com\/blog\/wp-json\/wp\/v2\/posts\/2117\/revisions\/11266"}],"wp:featuredmedia":[{"embeddable":true,"href":"https:\/\/www.buscounviaje.com\/blog\/wp-json\/wp\/v2\/media\/11257"}],"wp:attachment":[{"href":"https:\/\/www.buscounviaje.com\/blog\/wp-json\/wp\/v2\/media?parent=2117"}],"wp:term":[{"taxonomy":"category","embeddable":true,"href":"https:\/\/www.buscounviaje.com\/blog\/wp-json\/wp\/v2\/categories?post=2117"},{"taxonomy":"post_tag","embeddable":true,"href":"https:\/\/www.buscounviaje.com\/blog\/wp-json\/wp\/v2\/tags?post=2117"}],"curies":[{"name":"wp","href":"https:\/\/api.w.org\/{rel}","templated":true}]}}