{"id":11307,"date":"2019-10-01T11:00:08","date_gmt":"2019-10-01T09:00:08","guid":{"rendered":"https:\/\/www.buscounviaje.com\/blog\/?p=11307"},"modified":"2019-09-24T08:21:51","modified_gmt":"2019-09-24T06:21:51","slug":"las-catedrales-mas-grandes-y-mas-altas-del-mundo","status":"publish","type":"post","link":"https:\/\/www.buscounviaje.com\/blog\/emociones-viajeras\/las-catedrales-mas-grandes-y-mas-altas-del-mundo\/","title":{"rendered":"Las catedrales m\u00e1s grandes y m\u00e1s altas del mundo"},"content":{"rendered":"\n<p>Existen <strong>diferentes motivos que pueden ser decisivos al momento de escoger un destino para viajar<\/strong>: para descansar y desconectarte de la rutina, por diversi\u00f3n o para conocer gente y lugares nuevos, entre otros. En esta ocasi\u00f3n, la causa de la elecci\u00f3n ser\u00e1 <strong>conocer grandes creaciones del hombre<\/strong>. <\/p>\n\n\n\n<p>Sin duda, las<strong> catedrales<\/strong> son un gran ejemplo al referirnos a importantes edificios fabricados por la mano del hombre. Estas magn\u00edficas construcciones, surgen como <strong>evoluci\u00f3n de los monasterios y son la sede del Obispo y la cabeza de las dem\u00e1s iglesias<\/strong>. <\/p>\n\n\n\n<p>La <strong>arquitectura<\/strong> de estas construcciones se caracteriza por ser siempre muy imponente, ya que tienen el objetivo de <strong>destacarse entre los edificios de la regi\u00f3n<\/strong>. Con <strong>formas edificatorias bien complejas, y estilos arquitect\u00f3nicos correspondientes a su \u00e9poca, estas obras siguen siendo distinguidas en diferentes lugares del planeta<\/strong>. <\/p>\n\n\n\n<p>A continuaci\u00f3n hemos seleccionado algunas de <strong>las catedrales m\u00e1s grandes y m\u00e1s altas del mundo<\/strong>. Descubre que no s\u00f3lo las personas religiosas pueden visitar y contemplar la belleza de estos impactantes monumentos hist\u00f3ricos. <\/p>\n\n\n\n<h2 class=\"wp-block-heading\">Catedrales m\u00e1s grandes del mundo <\/h2>\n\n\n\n<h3 class=\"wp-block-heading\">Bas\u00edlica de San Pedro, en Ciudad del Vaticano<\/h3>\n\n\n\n<div class=\"wp-block-image\"><figure class=\"aligncenter is-resized\"><img loading=\"lazy\" decoding=\"async\" src=\"https:\/\/www.buscounviaje.com\/blog\/wp-content\/uploads\/Basilica-de-San-Pedro-Vaticano-Roma-1024x681.jpg\" alt=\"Bas\u00edlica de San Pedro, Vaticano, Roma\" class=\"wp-image-11310\" width=\"755\" height=\"502\" srcset=\"https:\/\/www.buscounviaje.com\/blog\/wp-content\/uploads\/Basilica-de-San-Pedro-Vaticano-Roma-1024x681.jpg 1024w, https:\/\/www.buscounviaje.com\/blog\/wp-content\/uploads\/Basilica-de-San-Pedro-Vaticano-Roma-300x199.jpg 300w, https:\/\/www.buscounviaje.com\/blog\/wp-content\/uploads\/Basilica-de-San-Pedro-Vaticano-Roma-768x510.jpg 768w, https:\/\/www.buscounviaje.com\/blog\/wp-content\/uploads\/Basilica-de-San-Pedro-Vaticano-Roma-696x463.jpg 696w, https:\/\/www.buscounviaje.com\/blog\/wp-content\/uploads\/Basilica-de-San-Pedro-Vaticano-Roma-1068x710.jpg 1068w, https:\/\/www.buscounviaje.com\/blog\/wp-content\/uploads\/Basilica-de-San-Pedro-Vaticano-Roma-632x420.jpg 632w, https:\/\/www.buscounviaje.com\/blog\/wp-content\/uploads\/Basilica-de-San-Pedro-Vaticano-Roma.jpg 1920w\" sizes=\"auto, (max-width: 755px) 100vw, 755px\" \/><\/figure><\/div>\n\n\n\n<p>Aunque t\u00e9cnicamente no es considerada catedral, la <strong>Bas\u00edlica de San Pedro<\/strong> no puede faltar en este conteo, debido a su gran importancia para la religi\u00f3n cat\u00f3lica. <\/p>\n\n\n\n<p>Situada en <strong>Ciudad del Vaticano<\/strong> en <strong><a href=\"https:\/\/www.buscounviaje.com\/viajes\/roma-it\">Roma<\/a><\/strong>, cuenta con el <strong>espacio interior m\u00e1s grande del mundo entre todas la iglesias cristianas<\/strong>. Es considerada como uno de los <strong>lugares m\u00e1s sagrados para el catolicismo.<\/strong><\/p>\n\n\n\n<p>En San Pedro <strong>se celebran la mayor\u00eda de las ceremonias papales debido a su tama\u00f1o<\/strong> Sin embargo, no es la sede oficial del Papa. <\/p>\n\n\n\n<h3 class=\"wp-block-heading\">Bas\u00edlica de Nuestra Se\u00f1ora Aparecida, Brasil<\/h3>\n\n\n\n<div class=\"wp-block-image\"><figure class=\"aligncenter is-resized\"><img loading=\"lazy\" decoding=\"async\" src=\"https:\/\/www.buscounviaje.com\/blog\/wp-content\/uploads\/Bas\u00edlica-de-Nuestra-Se\u00f1ora-Aparecida-Aparecida-Brasil-1024x683.jpg\" alt=\"Bas\u00edlica de Nuestra Se\u00f1ora Aparecida, Aparecida, Brasil\" class=\"wp-image-11311\" width=\"755\" height=\"503\" srcset=\"https:\/\/www.buscounviaje.com\/blog\/wp-content\/uploads\/Bas\u00edlica-de-Nuestra-Se\u00f1ora-Aparecida-Aparecida-Brasil-1024x683.jpg 1024w, https:\/\/www.buscounviaje.com\/blog\/wp-content\/uploads\/Bas\u00edlica-de-Nuestra-Se\u00f1ora-Aparecida-Aparecida-Brasil-300x200.jpg 300w, https:\/\/www.buscounviaje.com\/blog\/wp-content\/uploads\/Bas\u00edlica-de-Nuestra-Se\u00f1ora-Aparecida-Aparecida-Brasil-768x512.jpg 768w, https:\/\/www.buscounviaje.com\/blog\/wp-content\/uploads\/Bas\u00edlica-de-Nuestra-Se\u00f1ora-Aparecida-Aparecida-Brasil-696x464.jpg 696w, https:\/\/www.buscounviaje.com\/blog\/wp-content\/uploads\/Bas\u00edlica-de-Nuestra-Se\u00f1ora-Aparecida-Aparecida-Brasil-1068x712.jpg 1068w, https:\/\/www.buscounviaje.com\/blog\/wp-content\/uploads\/Bas\u00edlica-de-Nuestra-Se\u00f1ora-Aparecida-Aparecida-Brasil-630x420.jpg 630w, https:\/\/www.buscounviaje.com\/blog\/wp-content\/uploads\/Bas\u00edlica-de-Nuestra-Se\u00f1ora-Aparecida-Aparecida-Brasil.jpg 1797w\" sizes=\"auto, (max-width: 755px) 100vw, 755px\" \/><\/figure><\/div>\n\n\n\n<p>La <strong>Bas\u00edlica de Nuestra Se\u00f1ora Aparecida<\/strong> se encuentra en el estado de <strong>S\u00e3o Paulo, en <a href=\"https:\/\/www.buscounviaje.com\/viajes\/brasil-br\">Brasil.<\/a><\/strong> Es la m\u00e1s grande de toda Am\u00e9rica y la segunda en todo el mundo, si consideramos a la Bas\u00edlica de San Pedro. <\/p>\n\n\n\n<p>Aunque su valor arquitect\u00f3nico es dudoso, <strong>sus dimensiones son lo que impresiona:<\/strong> 173 metros de largo, 168 metros de ancho, con una superficie cubierta de 18.000 metros cuadrados y capacidad para 45.000 personas.<\/p>\n\n\n\n<p>Con un estilo neorrom\u00e1nico, su construcci\u00f3n se dio por finalizada hace 30 a\u00f1os, obteniendo su consagraci\u00f3n en el a\u00f1o 1980 con la visita del Papa Juan Pablo II. <\/p>\n\n\n\n<h3 class=\"wp-block-heading\">Catedral de San Juan El Divino, Nueva York en Estados Unidos<\/h3>\n\n\n\n<div class=\"wp-block-image\"><figure class=\"aligncenter is-resized\"><img loading=\"lazy\" decoding=\"async\" src=\"https:\/\/www.buscounviaje.com\/blog\/wp-content\/uploads\/Catedral-de-San-Juan-El-Divino-Nueva-York-Estados-Unidos-1024x682.jpg\" alt=\"Catedral de San Juan El Divino, Nueva York, Estados Unidos\" class=\"wp-image-11312\" width=\"755\" height=\"503\" srcset=\"https:\/\/www.buscounviaje.com\/blog\/wp-content\/uploads\/Catedral-de-San-Juan-El-Divino-Nueva-York-Estados-Unidos-1024x682.jpg 1024w, https:\/\/www.buscounviaje.com\/blog\/wp-content\/uploads\/Catedral-de-San-Juan-El-Divino-Nueva-York-Estados-Unidos-300x200.jpg 300w, https:\/\/www.buscounviaje.com\/blog\/wp-content\/uploads\/Catedral-de-San-Juan-El-Divino-Nueva-York-Estados-Unidos-768x511.jpg 768w, https:\/\/www.buscounviaje.com\/blog\/wp-content\/uploads\/Catedral-de-San-Juan-El-Divino-Nueva-York-Estados-Unidos-696x463.jpg 696w, https:\/\/www.buscounviaje.com\/blog\/wp-content\/uploads\/Catedral-de-San-Juan-El-Divino-Nueva-York-Estados-Unidos-1068x711.jpg 1068w, https:\/\/www.buscounviaje.com\/blog\/wp-content\/uploads\/Catedral-de-San-Juan-El-Divino-Nueva-York-Estados-Unidos-631x420.jpg 631w, https:\/\/www.buscounviaje.com\/blog\/wp-content\/uploads\/Catedral-de-San-Juan-El-Divino-Nueva-York-Estados-Unidos.jpg 1280w\" sizes=\"auto, (max-width: 755px) 100vw, 755px\" \/><\/figure><\/div>\n\n\n\n<p>La <strong>Catedral de San Juan El Divino<\/strong>, tambi\u00e9n se encuentra entre las <strong>catedrales m\u00e1s grande del mundo. <\/strong>Est\u00e1 ubicada <strong>al norte de la isla de Manhattan en <a href=\"https:\/\/www.buscounviaje.com\/viajes\/nueva-york-us\">Nueva York<\/a><\/strong>. <\/p>\n\n\n\n<p>El edificio <strong>comenz\u00f3 a construirse en el a\u00f1o 1892<\/strong>, con un estilo que mezclaba lo nerorrom\u00e1nico con lo neobizantino. Pero es <strong>en 1909 que muta al neog\u00f3tico, estilo con el que se la identifica en la actualidad.<\/strong><\/p>\n\n\n\n<p>En <strong>2001 fue v\u00edctima de un incendio<\/strong> que oblig\u00f3 a clausurarla. Pero en<strong> 2008 volvi\u00f3 a abrir sus puertas, <\/strong>aunque sigue en reparaci\u00f3n. Por su <strong>permanente estado de reconstrucci\u00f3n se la conoce popularmente como <\/strong><em><strong>San Juan la Inacabada<\/strong><\/em><strong>\u00a0o\u00a0<\/strong><em><strong>San Juan la Interminable<\/strong><\/em>.  <\/p>\n\n\n\n<h2 class=\"wp-block-heading\">Catedrales m\u00e1s altas del mundo <\/h2>\n\n\n\n<h3 class=\"wp-block-heading\">Catedral de Ulm en Alemania<\/h3>\n\n\n\n<div class=\"wp-block-image\"><figure class=\"aligncenter is-resized\"><img loading=\"lazy\" decoding=\"async\" src=\"https:\/\/www.buscounviaje.com\/blog\/wp-content\/uploads\/Catedral-de-Ulm-en-Alemania-1024x683.jpg\" alt=\"Catedral de Ulm en Alemania\" class=\"wp-image-11332\" width=\"755\" height=\"503\" srcset=\"https:\/\/www.buscounviaje.com\/blog\/wp-content\/uploads\/Catedral-de-Ulm-en-Alemania.jpg 1024w, https:\/\/www.buscounviaje.com\/blog\/wp-content\/uploads\/Catedral-de-Ulm-en-Alemania-300x200.jpg 300w, https:\/\/www.buscounviaje.com\/blog\/wp-content\/uploads\/Catedral-de-Ulm-en-Alemania-768x512.jpg 768w, https:\/\/www.buscounviaje.com\/blog\/wp-content\/uploads\/Catedral-de-Ulm-en-Alemania-696x464.jpg 696w, https:\/\/www.buscounviaje.com\/blog\/wp-content\/uploads\/Catedral-de-Ulm-en-Alemania-630x420.jpg 630w\" sizes=\"auto, (max-width: 755px) 100vw, 755px\" \/><\/figure><\/div>\n\n\n\n<p>La <strong>catedral m\u00e1s alta del mundo<\/strong> se encuentra en <a href=\"https:\/\/www.buscounviaje.com\/viajes\/alemania-de\">Alemania<\/a>. Con casi <strong>162 metros de altura<\/strong>, la <strong>Catedral de Ulm<\/strong>, es la <strong>iglesia luterana m\u00e1s importante de la ciudad<\/strong> que lleva su mismo nombre. En sus principios perteneci\u00f3 al catolicismo, pero <strong>luego de la Reforma del a\u00f1o 1529 pas\u00f3 a ser protestante<\/strong>. <\/p>\n\n\n\n<p>Son<strong> 768 escalones<\/strong> los que deberemos subir para disfrutar de la <strong>excelente vista<\/strong> que regala el edificio. <strong>En los d\u00edas despejados hasta se puede observar un tramo de los Alpes<\/strong>.  <\/p>\n\n\n\n<p>Esta <strong>magn\u00edfica obra de estilo g\u00f3tico<\/strong> comenz\u00f3 a construirse en el a\u00f1o 1377, sufriendo varias modificaciones con respecto a sus planos originales, y tambi\u00e9n por los bombardeos que recibi\u00f3 durante la Segunda Guerra Mundial. <\/p>\n\n\n\n<h3 class=\"wp-block-heading\">Catedral de Lincoln, Reino Unido<\/h3>\n\n\n\n<div class=\"wp-block-image\"><figure class=\"aligncenter is-resized\"><img loading=\"lazy\" decoding=\"async\" src=\"https:\/\/www.buscounviaje.com\/blog\/wp-content\/uploads\/catedral-de-Lincoln-Reino-Unido-1024x768.jpg\" alt=\"Catedral de Lincoln, Reino Unido\" class=\"wp-image-11315\" width=\"755\" height=\"566\" srcset=\"https:\/\/www.buscounviaje.com\/blog\/wp-content\/uploads\/catedral-de-Lincoln-Reino-Unido-1024x768.jpg 1024w, https:\/\/www.buscounviaje.com\/blog\/wp-content\/uploads\/catedral-de-Lincoln-Reino-Unido-300x225.jpg 300w, https:\/\/www.buscounviaje.com\/blog\/wp-content\/uploads\/catedral-de-Lincoln-Reino-Unido-768x576.jpg 768w, https:\/\/www.buscounviaje.com\/blog\/wp-content\/uploads\/catedral-de-Lincoln-Reino-Unido-80x60.jpg 80w, https:\/\/www.buscounviaje.com\/blog\/wp-content\/uploads\/catedral-de-Lincoln-Reino-Unido-265x198.jpg 265w, https:\/\/www.buscounviaje.com\/blog\/wp-content\/uploads\/catedral-de-Lincoln-Reino-Unido-696x522.jpg 696w, https:\/\/www.buscounviaje.com\/blog\/wp-content\/uploads\/catedral-de-Lincoln-Reino-Unido-1068x801.jpg 1068w, https:\/\/www.buscounviaje.com\/blog\/wp-content\/uploads\/catedral-de-Lincoln-Reino-Unido-560x420.jpg 560w, https:\/\/www.buscounviaje.com\/blog\/wp-content\/uploads\/catedral-de-Lincoln-Reino-Unido.jpg 1920w\" sizes=\"auto, (max-width: 755px) 100vw, 755px\" \/><\/figure><\/div>\n\n\n\n<p>En <strong><a href=\"https:\/\/www.buscounviaje.com\/viajes\/reino-unido-gb\">Reino Unido<\/a><\/strong>, m\u00e1s precisamente al sureste de <strong><a href=\"https:\/\/www.buscounviaje.com\/viajes\/manchester-gb\">Manchester<\/a><\/strong>, encontramos otra de las <strong>catedrales m\u00e1s altas del mundo<\/strong>. <strong>Lincoln<\/strong> es una de las <strong>obras m\u00e1s valiosas del arte g\u00f3tico ingl\u00e9s.  <\/strong><\/p>\n\n\n\n<p>Tambi\u00e9n conocida con el nombre de<strong> Catedral Santa Mar\u00eda<\/strong>, fue edificada desde finales del Siglo XI hasta el Siglo XIV. <strong>Durante la Edad Media aloj\u00f3 las reliquias del obispo San Hugo<\/strong>, por lo que se convirti\u00f3 en un <strong>centro de peregrinaci\u00f3n<\/strong>. <\/p>\n\n\n\n<p>Fue la <strong>construcci\u00f3n m\u00e1s alta del planeta desde 1311 a 1549<\/strong>, a\u00f1o en el cual, debido a una tormenta, se derrumb\u00f3 su torre m\u00e1s elevada, que med\u00eda 160 metros. <\/p>\n\n\n\n<h3 class=\"wp-block-heading\">Catedral de San Pedro de Beauvais, Francia<\/h3>\n\n\n\n<div class=\"wp-block-image\"><figure class=\"aligncenter is-resized\"><img loading=\"lazy\" decoding=\"async\" src=\"https:\/\/www.buscounviaje.com\/blog\/wp-content\/uploads\/Catedral-de-San-Pedro-de-Beauvais-Francia-1024x797.jpg\" alt=\"Catedral de San Pedro de Beauvais, Francia\" class=\"wp-image-11316\" width=\"755\" height=\"587\" srcset=\"https:\/\/www.buscounviaje.com\/blog\/wp-content\/uploads\/Catedral-de-San-Pedro-de-Beauvais-Francia-1024x797.jpg 1024w, https:\/\/www.buscounviaje.com\/blog\/wp-content\/uploads\/Catedral-de-San-Pedro-de-Beauvais-Francia-300x233.jpg 300w, https:\/\/www.buscounviaje.com\/blog\/wp-content\/uploads\/Catedral-de-San-Pedro-de-Beauvais-Francia-768x597.jpg 768w, https:\/\/www.buscounviaje.com\/blog\/wp-content\/uploads\/Catedral-de-San-Pedro-de-Beauvais-Francia-696x541.jpg 696w, https:\/\/www.buscounviaje.com\/blog\/wp-content\/uploads\/Catedral-de-San-Pedro-de-Beauvais-Francia-1068x831.jpg 1068w, https:\/\/www.buscounviaje.com\/blog\/wp-content\/uploads\/Catedral-de-San-Pedro-de-Beauvais-Francia-540x420.jpg 540w, https:\/\/www.buscounviaje.com\/blog\/wp-content\/uploads\/Catedral-de-San-Pedro-de-Beauvais-Francia.jpg 1279w\" sizes=\"auto, (max-width: 755px) 100vw, 755px\" \/><\/figure><\/div>\n\n\n\n<p>La <strong>Catedral de San Pedro<\/strong> se encuentra en la ciudad de <strong>Beauvais<\/strong>, al norte de <strong><a href=\"https:\/\/www.buscounviaje.com\/viajes\/francia-fr\">Francia<\/a><\/strong>. En cierto modo, es el <strong>resultado m\u00e1s audaz de la arquitectura g\u00f3tica<\/strong>. <\/p>\n\n\n\n<p>La <strong>ambici\u00f3n por llegar a ser el edificio m\u00e1s elevado<\/strong>, hizo que se convirtiera en una <strong>obra incompleta<\/strong>. Tambi\u00e9n trajo aparejados <strong>problemas en su construcci\u00f3n<\/strong>, los mismos que, a\u00f1os m\u00e1s tarde, <strong>provocar\u00edan el derrumbe de gran parte de la edificaci\u00f3n<\/strong> a lo largo del tiempo. <\/p>\n\n\n\n<p>Su m\u00e1ximo esplendor fue cuando<strong> alcanz\u00f3 a medir 153 metros<\/strong>, la misma altura que la Gran Pir\u00e1mide. <\/p>\n\n\n\n<p>Estas fueron las <strong>catedrales m\u00e1s grandes y m\u00e1s altas del mundo<\/strong>. Descubre m\u00e1s maravillas de la arquitectura mundial en el <strong><a href=\"https:\/\/www.buscounviaje.com\/blog\/\">blog de BuscoUnViaje<\/a><\/strong>. <br><\/p>\n","protected":false},"excerpt":{"rendered":"<p>Si eres un apasionado por la arquitectura y la historia detr\u00e1s de cada edificio, conoce aqu\u00ed algunas de las catedrales m\u00e1s grandes y m\u00e1s altas del mundo. <\/p>\n","protected":false},"author":3,"featured_media":11332,"comment_status":"open","ping_status":"open","sticky":false,"template":"","format":"standard","meta":{"om_disable_all_campaigns":false,"_monsterinsights_skip_tracking":false,"_monsterinsights_sitenote_active":false,"_monsterinsights_sitenote_note":"","_monsterinsights_sitenote_category":0,"footnotes":""},"categories":[13],"tags":[694,742,96,758,849,485,984,796,982,983,253],"class_list":{"0":"post-11307","1":"post","2":"type-post","3":"status-publish","4":"format-standard","5":"has-post-thumbnail","7":"category-emociones-viajeras","8":"tag-turismo-religioso","9":"tag-viajes-a-alemania","10":"tag-brasil","11":"tag-viajes-a-estados-unidos","12":"tag-viajes-francia","13":"tag-nueva-york","14":"tag-viajes-a-praga","15":"tag-viajes-a-reino-unido","16":"tag-viajes-a-roma","18":"tag-espana"},"aioseo_notices":[],"amp_enabled":true,"_links":{"self":[{"href":"https:\/\/www.buscounviaje.com\/blog\/wp-json\/wp\/v2\/posts\/11307","targetHints":{"allow":["GET"]}}],"collection":[{"href":"https:\/\/www.buscounviaje.com\/blog\/wp-json\/wp\/v2\/posts"}],"about":[{"href":"https:\/\/www.buscounviaje.com\/blog\/wp-json\/wp\/v2\/types\/post"}],"author":[{"embeddable":true,"href":"https:\/\/www.buscounviaje.com\/blog\/wp-json\/wp\/v2\/users\/3"}],"replies":[{"embeddable":true,"href":"https:\/\/www.buscounviaje.com\/blog\/wp-json\/wp\/v2\/comments?post=11307"}],"version-history":[{"count":23,"href":"https:\/\/www.buscounviaje.com\/blog\/wp-json\/wp\/v2\/posts\/11307\/revisions"}],"predecessor-version":[{"id":11354,"href":"https:\/\/www.buscounviaje.com\/blog\/wp-json\/wp\/v2\/posts\/11307\/revisions\/11354"}],"wp:featuredmedia":[{"embeddable":true,"href":"https:\/\/www.buscounviaje.com\/blog\/wp-json\/wp\/v2\/media\/11332"}],"wp:attachment":[{"href":"https:\/\/www.buscounviaje.com\/blog\/wp-json\/wp\/v2\/media?parent=11307"}],"wp:term":[{"taxonomy":"category","embeddable":true,"href":"https:\/\/www.buscounviaje.com\/blog\/wp-json\/wp\/v2\/categories?post=11307"},{"taxonomy":"post_tag","embeddable":true,"href":"https:\/\/www.buscounviaje.com\/blog\/wp-json\/wp\/v2\/tags?post=11307"}],"curies":[{"name":"wp","href":"https:\/\/api.w.org\/{rel}","templated":true}]}}